{"id":27903,"date":"2023-10-12T17:08:31","date_gmt":"2023-10-12T20:08:31","guid":{"rendered":"https:\/\/chacosintesis.com.ar\/?p=27903"},"modified":"2023-10-12T17:36:55","modified_gmt":"2023-10-12T20:36:55","slug":"de-la-mano-del-convenio-con-danone-se-afianza-la-produccion-de-frutillas-en-el-chaco","status":"publish","type":"post","link":"https:\/\/chacosintesis.com.ar\/index.php\/de-la-mano-del-convenio-con-danone-se-afianza-la-produccion-de-frutillas-en-el-chaco\/","title":{"rendered":"De la mano del convenio con &#8220;Danone&#8221;, se afianza la producci\u00f3n de frutillas en el Chaco"},"content":{"rendered":"<div class=\"postie-post\">H\u00e9ctor Morales, empresario de La Eduvigis, asegur\u00f3 que esperan que el programa \u201ccontin\u00fae con la gesti\u00f3n entrante porque la producci\u00f3n de frutilla requiere mucha mano de obra y genera fuentes de trabajo\u201d. Este a\u00f1o, espera pr\u00e1cticamente duplicar las tres toneladas cosechadas en el 2022.<br \/>\nSi bien la actividad en la provincia comenz\u00f3 hace un tiempo relativamente corto, la producci\u00f3n chaque\u00f1a de frutillas contin\u00faa creciendo de la mano del empuje de productores del interior que se van sumando, pero fundamentalmente en virtud del convenio firmado entre la multinacional agroalimentaria espa\u00f1ola &#8220;Danone&#8221; y el gobierno provincial.<br \/>\nAs\u00ed lo destac\u00f3 H\u00e9ctor Morales, uno de los empresarios del sector que forman parte del programa quien estim\u00f3 que, en 2022 desde la provincia salieron cerca de 3 toneladas de frutilla para abastecer a la industria yogurtera, pero en 2023 \u201cpodr\u00edan ser m\u00e1s de 5 toneladas\u201d. \u201cA pesar de las vicisitudes del tiempo, con los cambios cont\u00ednuos que hacen que en octubre tengamos fr\u00edo en la regi\u00f3n, tenemos buenas perspectivas para lo que resta de la campa\u00f1a as\u00ed que esperamos poder aumentar la producci\u00f3n este a\u00f1o\u201d, plante\u00f3.<br \/>\nLa producci\u00f3n local se realiza, b\u00e1sicamente, en terrenos chicos, que por sus dimensiones requieren ser regados de manera artificial y no dependen de las lluvias que puedan producirse en la zona. Incluso, es \u201cmejor si no llueve\u201d, describi\u00f3 Morales y apunt\u00f3 que si no se producen precipitaciones la campa\u00f1a de la frutilla \u201ces mejor\u201d porque se evita la proliferaci\u00f3n de hongos, por ejemplo.<br \/>\nLas frutillas comenzaron a plantarse hace alrededor de una d\u00e9cada y la actividad genera cada vez m\u00e1s adeptos. \u201cLa verdad es que viene muy bien, nosotros vendemos directo gracias al programa que hizo el Gobierno del Chaco con la empresa Danone, donde tenemos las puertas abiertas de la industria para entregar directamente sin intermediarios\u201d, remarc\u00f3. \u201cEn esta \u00e9poca del a\u00f1o, estamos con mucha frutilla y el mercado est\u00e1 saturado, por eso este programa es una escapatoria; pero adem\u00e1s comercializamos directo con el cliente, entregamos a la fruter\u00edas o vamos a las ferias\u201d, describi\u00f3.<br \/>\nPol\u00edtica de Estado<br \/>\nEl cambio de signo pol\u00edtico en la provincia, decidido en las urnas el 17 de septiembre pasado, genera expectativas en los productores y tambi\u00e9n cierta incertidumbre sobre la continuidad de programas como el que permite potenciar esta actividad en particular. \u201cEl convenio funciona como una ayuda a los peque\u00f1os productores y, en verdad, viene muy bien: lo inici\u00f3 el gobierno de Jorge Capitanich, pero creo que ser\u00eda bueno que esto contin\u00fae porque requiere mucha mano de obra y genera fuentes de trabajo\u201d, consider\u00f3 Morales.<br \/>\nEn ese sentido, a\u00f1adi\u00f3 que si bien en las campa\u00f1as electorales se dicen muchas cosas, y se deja entrever que algunos espacios pol\u00edticos est\u00e1n \u201cenfrentados\u201d al campo, lo que pasa en este sector viene a desmitificar esa supuesta \u201cmala relaci\u00f3n\u201d. \u201cEl mundo del campo es muy grande, hay productores de soja que tienen 20 o 30 mil hect\u00e1reas, y estamos los productores chicos del cintur\u00f3n verde; peque\u00f1os y grandes ganaderos, as\u00ed que nunca van a estar todos contentos\u201d, reflexion\u00f3.<br \/>\nSin embargo, destac\u00f3 que siempre fueron \u201cbien atendidos\u201d e insisti\u00f3 con que \u201cal campo hay que acompa\u00f1arlo: si es as\u00ed, el productor invierte, genera mano de obra y eso hace un  ida y vuelta que favorece a toda la provincia\u201d, cerr\u00f3.<\/div>\n","protected":false},"excerpt":{"rendered":"<p>H\u00e9ctor Morales, empresario de La Eduvigis, asegur\u00f3 que esperan que el programa \u201ccontin\u00fae con la gesti\u00f3n entrante porque la producci\u00f3n de frutilla requiere mucha mano de obra y genera fuentes de trabajo\u201d. Este a\u00f1o, espera pr\u00e1cticamente duplicar las tres toneladas cosechadas en el 2022. Si bien la actividad en la provincia comenz\u00f3 hace un tiempo [&hellip;]<\/p>\n","protected":false},"author":1,"featured_media":27904,"comment_status":"closed","ping_status":"closed","sticky":false,"template":"","format":"standard","meta":{"footnotes":""},"categories":[6],"tags":[],"class_list":{"0":"post-27903","1":"post","2":"type-post","3":"status-publish","4":"format-standard","5":"has-post-thumbnail","7":"category-chaco"},"_links":{"self":[{"href":"https:\/\/chacosintesis.com.ar\/index.php\/wp-json\/wp\/v2\/posts\/27903","targetHints":{"allow":["GET"]}}],"collection":[{"href":"https:\/\/chacosintesis.com.ar\/index.php\/wp-json\/wp\/v2\/posts"}],"about":[{"href":"https:\/\/chacosintesis.com.ar\/index.php\/wp-json\/wp\/v2\/types\/post"}],"author":[{"embeddable":true,"href":"https:\/\/chacosintesis.com.ar\/index.php\/wp-json\/wp\/v2\/users\/1"}],"replies":[{"embeddable":true,"href":"https:\/\/chacosintesis.com.ar\/index.php\/wp-json\/wp\/v2\/comments?post=27903"}],"version-history":[{"count":0,"href":"https:\/\/chacosintesis.com.ar\/index.php\/wp-json\/wp\/v2\/posts\/27903\/revisions"}],"wp:featuredmedia":[{"embeddable":true,"href":"https:\/\/chacosintesis.com.ar\/index.php\/wp-json\/wp\/v2\/media\/27904"}],"wp:attachment":[{"href":"https:\/\/chacosintesis.com.ar\/index.php\/wp-json\/wp\/v2\/media?parent=27903"}],"wp:term":[{"taxonomy":"category","embeddable":true,"href":"https:\/\/chacosintesis.com.ar\/index.php\/wp-json\/wp\/v2\/categories?post=27903"},{"taxonomy":"post_tag","embeddable":true,"href":"https:\/\/chacosintesis.com.ar\/index.php\/wp-json\/wp\/v2\/tags?post=27903"}],"curies":[{"name":"wp","href":"https:\/\/api.w.org\/{rel}","templated":true}]}}