{"id":27899,"date":"2023-10-12T17:01:12","date_gmt":"2023-10-12T20:01:12","guid":{"rendered":"https:\/\/chacosintesis.com.ar\/?p=27899"},"modified":"2023-10-12T17:06:40","modified_gmt":"2023-10-12T20:06:40","slug":"en-corzuela-se-ejecutan-obras-trascendentales-en-materia-sanitaria-y-social","status":"publish","type":"post","link":"https:\/\/chacosintesis.com.ar\/index.php\/en-corzuela-se-ejecutan-obras-trascendentales-en-materia-sanitaria-y-social\/","title":{"rendered":"En Corzuela, se ejecutan obras trascendentales en materia sanitaria y social"},"content":{"rendered":"<div class=\"postie-post\">Adem\u00e1s de beneficiar a las vecinas y vecinos de la localidad, generan empleo genuino para trabajadores de la zona.<br \/>\nEl gobierno provincial a trav\u00e9s del Ministerio de Planificaci\u00f3n, Econom\u00eda e Infraestructura lleva adelante un plan de obras trascendentales en la localidad de Corzuela. Actualmente se encuentran en ejecuci\u00f3n la ampliaci\u00f3n de las redes de agua potable, el Centro de Desarrollo Infantil y el Centro de Integraci\u00f3n y Fortalecimiento Familiar (CIFF) N\u00b017.<br \/>\nEstas inversiones impactan en la calidad de vida de m\u00e1s de 10.000 personas que residen en la localidad, el plan de obra incluye desde pavimento urbano en diversos barrios que fortalecen la conectividad vial urbana y tambi\u00e9n la refacci\u00f3n integral de la plaza central, un icono para la historia y el presente social, cultural y tur\u00edstico de la comunidad.<br \/>\nApuntando a la inclusi\u00f3n social, atenci\u00f3n y contenci\u00f3n de la ni\u00f1ez, se avanza en la construcci\u00f3n del Centro de Desarrollo Infantil (CDI), y el edificio del Centro de Integraci\u00f3n y Fortalecimiento Familiar (CIFF) N\u00b017. El primero se dedicar\u00e1 a atender a ni\u00f1os en condici\u00f3n de vulnerabilidad por profesionales que les ayudan a potenciar el desarrollo de la primera infancia y les brindan atenci\u00f3n integral por medio de la educaci\u00f3n inicial.<br \/>\nLa obra contiene un sector administrativo, \u00e1reas de servicio que contendr\u00e1n cocina, sanitario para el personal, para personas con discapacidad y de alumnas y alumnos, tendr\u00e1 \u00e1reas pedag\u00f3gicas que constan de salas de 2, 3 y 4 a\u00f1os y \u00e1reas generales. Esta edificaci\u00f3n tiene el objetivo de potenciar el desarrollo infantil en los sectores de la poblaci\u00f3n que lo requieran, generando una mejora en la calidad de vida a un mediano y largo plazo.<br \/>\nPor otro lado, con financiamiento del Ministerio de Obras P\u00fablicas y a trav\u00e9s de la Secretar\u00eda de Infraestructura y Pol\u00edtica H\u00eddrica ENOHSA se ejecuta la ampliaci\u00f3n de las redes de agua potable. Se trata de una obra sustancial iniciada gracias a las gestiones del gobernador, Jorge Capitanich.<br \/>\nEn ese sentido, el jefe comunal Carrara destac\u00f3: \u201cAgradezco a todo el equipo del ENOHSA, al Presidente, a la Vicepresidenta y al gobernador Milton Capitanich por darle la posibilidad a los del interior del interior de poder tomar agua de calidad. Es una obra de m\u00e1s de mil millones de pesos, que supera ampliamente el presupuesto de la municipalidad y que no podr\u00eda haberse realizado de no contar con el financiamiento externo\u201d.<br \/>\nEl proyecto, que tiene un plazo de ejecuci\u00f3n de 16 meses, comprende la ejecuci\u00f3n del sistema de agua potable, comprendido por una red de agua potable, un centro de distribuci\u00f3n y un nexo con el acueducto. Estas obras beneficiar\u00e1n a 10.335 habitantes actuales y a 19.279 habitantes para el a\u00f1o 2043.<br \/>\nM\u00e1s obras<br \/>\nEn materia de salud se concret\u00f3 la refacci\u00f3n y construcci\u00f3n del Centro de Atenci\u00f3n Primaria de la Salud (CAPS) del barrio Obrero. La obra se desarroll\u00f3 con la finalidad de brindar atenci\u00f3n \u00f3ptima a todos los pobladores de la zona, permitiendo acceder a la atenci\u00f3n de salud sin necesidad de transportarse a \u00e1reas distantes.<br \/>\nAdem\u00e1s, este a\u00f1o se inaugur\u00f3 una obra muy importante para la comunidad como es el Almac\u00e9n Popular, ubicado estrat\u00e9gicamente en la esquina de la avenida Belgrano e Hip\u00f3lito Yrigoyen. Con una inversi\u00f3n de $26.535.828,14 se conform\u00f3 un espacio que potenciar\u00e1 las actividades comerciales. Cuenta con oficinas administrativas y un gran sal\u00f3n de ventas para los insumos y alimentos producidos en la zona, entre ellos alimentos, textiles y artesan\u00edas. Cabe destacar que se emplea mano de obra local debidamente capacitada a fin de generar una construcci\u00f3n de caracter\u00edsticas \u00f3ptimas y generar ingresos formales a las familias del lugar.<\/div>\n","protected":false},"excerpt":{"rendered":"<p>Adem\u00e1s de beneficiar a las vecinas y vecinos de la localidad, generan empleo genuino para trabajadores de la zona. El gobierno provincial a trav\u00e9s del Ministerio de Planificaci\u00f3n, Econom\u00eda e Infraestructura lleva adelante un plan de obras trascendentales en la localidad de Corzuela. Actualmente se encuentran en ejecuci\u00f3n la ampliaci\u00f3n de las redes de agua [&hellip;]<\/p>\n","protected":false},"author":1,"featured_media":27900,"comment_status":"closed","ping_status":"closed","sticky":false,"template":"","format":"standard","meta":{"footnotes":""},"categories":[6],"tags":[],"class_list":{"0":"post-27899","1":"post","2":"type-post","3":"status-publish","4":"format-standard","5":"has-post-thumbnail","7":"category-chaco"},"_links":{"self":[{"href":"https:\/\/chacosintesis.com.ar\/index.php\/wp-json\/wp\/v2\/posts\/27899","targetHints":{"allow":["GET"]}}],"collection":[{"href":"https:\/\/chacosintesis.com.ar\/index.php\/wp-json\/wp\/v2\/posts"}],"about":[{"href":"https:\/\/chacosintesis.com.ar\/index.php\/wp-json\/wp\/v2\/types\/post"}],"author":[{"embeddable":true,"href":"https:\/\/chacosintesis.com.ar\/index.php\/wp-json\/wp\/v2\/users\/1"}],"replies":[{"embeddable":true,"href":"https:\/\/chacosintesis.com.ar\/index.php\/wp-json\/wp\/v2\/comments?post=27899"}],"version-history":[{"count":0,"href":"https:\/\/chacosintesis.com.ar\/index.php\/wp-json\/wp\/v2\/posts\/27899\/revisions"}],"wp:featuredmedia":[{"embeddable":true,"href":"https:\/\/chacosintesis.com.ar\/index.php\/wp-json\/wp\/v2\/media\/27900"}],"wp:attachment":[{"href":"https:\/\/chacosintesis.com.ar\/index.php\/wp-json\/wp\/v2\/media?parent=27899"}],"wp:term":[{"taxonomy":"category","embeddable":true,"href":"https:\/\/chacosintesis.com.ar\/index.php\/wp-json\/wp\/v2\/categories?post=27899"},{"taxonomy":"post_tag","embeddable":true,"href":"https:\/\/chacosintesis.com.ar\/index.php\/wp-json\/wp\/v2\/tags?post=27899"}],"curies":[{"name":"wp","href":"https:\/\/api.w.org\/{rel}","templated":true}]}}