{"id":27893,"date":"2023-10-12T16:11:49","date_gmt":"2023-10-12T19:11:49","guid":{"rendered":"https:\/\/chacosintesis.com.ar\/?p=27893"},"modified":"2023-10-12T16:36:55","modified_gmt":"2023-10-12T19:36:55","slug":"capitanich-sobre-la-inauguracion-de-obras-en-el-espinillo-generamos-un-antes-y-un-despues","status":"publish","type":"post","link":"https:\/\/chacosintesis.com.ar\/index.php\/capitanich-sobre-la-inauguracion-de-obras-en-el-espinillo-generamos-un-antes-y-un-despues\/","title":{"rendered":"Capitanich sobre la inauguraci\u00f3n de obras en El Espinillo: \u201cGeneramos un antes y un despu\u00e9s\u201d"},"content":{"rendered":"<div class=\"postie-post\">El gobernador habilit\u00f3 un centro de salud, 15 cuadras de pavimento, las refacciones de la plaza central y nuevas redes de electrificaci\u00f3n rural. Adem\u00e1s, supervis\u00f3 la obra del nuevo edificio de la escuela 1070, entreg\u00f3 soluciones habitacionales y constat\u00f3 el avance de un grupo de viviendas.<br \/>\nEl gobernador Jorge Capitanich y la vicegobernadora Anal\u00eda Rach Quiroga visitaron este jueves El Espinillo, donde inauguraron diferentes obras que mejoran la calidad de vida de sus habitantes. \u201cEstoy muy orgulloso de haber cumplido mi deber y generar un antes y un despu\u00e9s para las y los habitantes de la localidad\u201d, expres\u00f3 el mandatario.<br \/>\nHabilitaron un centro de salud, 15 cuadras de pavimento, las refacciones de la plaza central y nuevas redes de electrificaci\u00f3n rural. \u201cTodas las obras b\u00e1sicas est\u00e1n pr\u00e1cticamente concluidas. Hay un antes y un despu\u00e9s porque estas obras van a quedar y tienen un gran impacto en la comunidad. Me genera una gran satisfacci\u00f3n haber cumplido con mi deber constitucional\u201d, sostuvo.<br \/>\nEn ese sentido, asegur\u00f3 que en todo El Impenetrable se mejor\u00f3 la infraestructura sanitaria, la infraestructura escolar, electrificaci\u00f3n rural, la red vial, la red caminera y tambi\u00e9n las rutas que se est\u00e1n ejecutando. \u201cPor lo tanto, la continuidad jur\u00eddica, el dise\u00f1o y la ejecuci\u00f3n de las pol\u00edticas p\u00fablicas es esencial en los pr\u00f3ximos meses y a\u00f1os; esto tiene que ser una pol\u00edtica de Estado para mejorar la calidad de vida de nuestras comunidades\u201d, asegur\u00f3.<br \/>\nTodas las obras inauguradas en El Espinillo fueron financiadas por el Ministerio de Planificaci\u00f3n, Econom\u00eda e Infraestructura y ejecutadas por el municipio. La totalidad de las tareas se realizaron con mano de obra local debidamente capacitada, generando fuentes de ingreso. De la recorrida participaron tambi\u00e9n la ministra de Ambiente y Desarrollo Territorial Sostenible, Marta Soneira; la directora de Medios P\u00fablicos, Guillermina Capitanich; el ministro de Educaci\u00f3n, Aldo Lineras; adem\u00e1s del intendente de El Espinillo Zen\u00f3n Cuellar.<br \/>\nLas obras, en detalle<br \/>\nUna de las obras inauguradas fue el CAPS El Algarrobal, en el que se invirtieron $16.779.622. El edificio consiste en un ambiente \u00fanico para atenci\u00f3n del paciente en forma integral, con la incorporaci\u00f3n de un ba\u00f1o y un espacio destinado para el descanso del agente sanitario. Adem\u00e1s contempla la recolecci\u00f3n de agua de lluvia con la incorporaci\u00f3n de una cisterna y para solucionar el sistema el\u00e9ctrico se incorporaron paneles solares.<br \/>\nCon este centro de salud se llega a 11 inaugurados en la localidad -nuevos, ampliados o remodelados integralmente a nuevo- logrando as\u00ed una red de atenci\u00f3n sanitaria para la zona, junto con el hospital. Capitanich anticip\u00f3 que har\u00e1 la cesi\u00f3n del edificio del viejo hospital para que pueda ser albergue de los m\u00e9dicos. Coment\u00f3 que se van a incorporar tres m\u00e9dicos adicionales a los dos que ya cumplen funciones en el lugar, para tener una red de cobertura que llegue a las 580 familias en las comunidades rurales. Tambi\u00e9n inaugur\u00f3 la refacci\u00f3n de la plaza central, obra en la que se invirtieron $99.987.799 con el objetivo generar una integraci\u00f3n total de esta con su entorno, ya que, posee la particularidad de albergar edificios de gran relevancia para la localidad como la sede municipal, la iglesia, banco y registro civil de la localidad. Se ampli\u00f3 el play\u00f3n central, se colocaron nuevos juegos y m\u00e1quinas de ejercicio y se agregaron d\u00e1rsenas para estacionamiento vehicular y senderos de circulaci\u00f3n peatonal. Todo el predio fue dotado de nueva iluminaci\u00f3n led y adem\u00e1s se respet\u00f3 la premisa de preservar la vegetaci\u00f3n existente, mejor\u00e1ndola a\u00fan m\u00e1s con nuevas especies arb\u00f3reas.<br \/>\nEn la localidad el gobernador inaugur\u00f3 adem\u00e1s cinco cuadras de pavimento urbano e iluminaci\u00f3n, intervenci\u00f3n para la que se invirti\u00f3 $94.848.707. Habilit\u00f3 tambi\u00e9n una obra de electrificaci\u00f3n rural en los parajes Pozo La Tuna y El \u00d1andubay que beneficiar\u00e1 a 48 nuevos usuarios. Los trabajos ejecutados incluyeron la extensi\u00f3n de redes de media y baja tensi\u00f3n, mediante tendido de 38,57 km de l\u00edneas de media tensi\u00f3n y la instalaci\u00f3n de 32 puestos de transformaci\u00f3n de 5 kVA y cuatro de 16 kVA, adem\u00e1s de obras anexas como el replanteo, excavaci\u00f3n, relleno y compactado de todas las excavaciones. La obra requiri\u00f3 una inversi\u00f3n de $69.945.772.<br \/>\nTambi\u00e9n entreg\u00f3 cinco soluciones habitacionales construidas a trav\u00e9s de IAFEP y recorri\u00f3 las obras de 20 viviendas que ya est\u00e1n en su etapa final. Adem\u00e1s supervisaron la construcci\u00f3n de la escuela 1070 de El Espinillo, para la cual se est\u00e1 construyendo (pronto a concluir) un nuevo edificio con una inversi\u00f3n de $111.662.132.<\/div>\n","protected":false},"excerpt":{"rendered":"<p>El gobernador habilit\u00f3 un centro de salud, 15 cuadras de pavimento, las refacciones de la plaza central y nuevas redes de electrificaci\u00f3n rural. Adem\u00e1s, supervis\u00f3 la obra del nuevo edificio de la escuela 1070, entreg\u00f3 soluciones habitacionales y constat\u00f3 el avance de un grupo de viviendas. El gobernador Jorge Capitanich y la vicegobernadora Anal\u00eda Rach [&hellip;]<\/p>\n","protected":false},"author":1,"featured_media":27894,"comment_status":"closed","ping_status":"closed","sticky":false,"template":"","format":"standard","meta":{"footnotes":""},"categories":[6],"tags":[],"class_list":{"0":"post-27893","1":"post","2":"type-post","3":"status-publish","4":"format-standard","5":"has-post-thumbnail","7":"category-chaco"},"_links":{"self":[{"href":"https:\/\/chacosintesis.com.ar\/index.php\/wp-json\/wp\/v2\/posts\/27893","targetHints":{"allow":["GET"]}}],"collection":[{"href":"https:\/\/chacosintesis.com.ar\/index.php\/wp-json\/wp\/v2\/posts"}],"about":[{"href":"https:\/\/chacosintesis.com.ar\/index.php\/wp-json\/wp\/v2\/types\/post"}],"author":[{"embeddable":true,"href":"https:\/\/chacosintesis.com.ar\/index.php\/wp-json\/wp\/v2\/users\/1"}],"replies":[{"embeddable":true,"href":"https:\/\/chacosintesis.com.ar\/index.php\/wp-json\/wp\/v2\/comments?post=27893"}],"version-history":[{"count":0,"href":"https:\/\/chacosintesis.com.ar\/index.php\/wp-json\/wp\/v2\/posts\/27893\/revisions"}],"wp:featuredmedia":[{"embeddable":true,"href":"https:\/\/chacosintesis.com.ar\/index.php\/wp-json\/wp\/v2\/media\/27894"}],"wp:attachment":[{"href":"https:\/\/chacosintesis.com.ar\/index.php\/wp-json\/wp\/v2\/media?parent=27893"}],"wp:term":[{"taxonomy":"category","embeddable":true,"href":"https:\/\/chacosintesis.com.ar\/index.php\/wp-json\/wp\/v2\/categories?post=27893"},{"taxonomy":"post_tag","embeddable":true,"href":"https:\/\/chacosintesis.com.ar\/index.php\/wp-json\/wp\/v2\/tags?post=27893"}],"curies":[{"name":"wp","href":"https:\/\/api.w.org\/{rel}","templated":true}]}}