{"id":27879,"date":"2023-10-12T15:34:05","date_gmt":"2023-10-12T18:34:05","guid":{"rendered":"https:\/\/chacosintesis.com.ar\/?p=27879"},"modified":"2023-10-12T15:37:16","modified_gmt":"2023-10-12T18:37:16","slug":"la-verde-el-gobierno-inauguro-el-primer-centro-de-desarrollo-infantil-en-una-zona-rural","status":"publish","type":"post","link":"https:\/\/chacosintesis.com.ar\/index.php\/la-verde-el-gobierno-inauguro-el-primer-centro-de-desarrollo-infantil-en-una-zona-rural\/","title":{"rendered":"La Verde: el gobierno inaugur\u00f3 el primer Centro de Desarrollo Infantil en una zona rural"},"content":{"rendered":"<div class=\"postie-post\">Con una inversi\u00f3n provincial de $57.752.057, el nuevo espacio est\u00e1 destinado a la atenci\u00f3n de ni\u00f1as y ni\u00f1os de 45 d\u00edas a cuatro a\u00f1os en condici\u00f3n de vulnerabilidad, con profesionales que aportar\u00e1n atenci\u00f3n integral. En la ocasi\u00f3n, el mandatario tambi\u00e9n recorri\u00f3 40 viviendas del Programa Reconstruir.<br \/>\nEn La Verde, el gobernador Jorge Capitanich inaugur\u00f3 este mi\u00e9rcoles un Centro de Desarrollo Infantil (CDI) con caracter\u00edsticas rurales que beneficiar\u00e1 a m\u00e1s de 60 ni\u00f1os y ni\u00f1as de la zona; oportunidad en la que tambi\u00e9n constat\u00f3 los avances de obra en 40 viviendas del Programa Reconstruir, que pr\u00f3ximamente ser\u00e1n entregadas a familias locales.<br \/>\nJunto al intendente local, Ra\u00fal Pe\u00f1a, Capitanich sostuvo que el dispositivo permitir\u00e1 \u201cen forma progresiva, garantizar una inclusi\u00f3n que antes la provincia no ten\u00eda\u201d, generando, adem\u00e1s \u201cun impacto positivo desde el punto de vista de la formaci\u00f3n educativa y el rendimiento acad\u00e9mico\u201d. La inauguraci\u00f3n cont\u00f3 con la participaci\u00f3n de la ministra de Desarrollo Social, Mar\u00eda P\u00eda Chiacchio Cavana.<br \/>\nEste Centro se suma a los 48 CDI previstos para toda la provincia, para promover que cerca de 12.000 ni\u00f1os y ni\u00f1as de entre 45 d\u00edas y cuatro a\u00f1os \u201cpuedan estar incluidos en el sistema de educaci\u00f3n en todo el territorio chaque\u00f1o\u201d, destac\u00f3 el mandatario. Finalmente, Capitanich ponder\u00f3 la \u201ctransformaci\u00f3n estructural\u201d, en virtud del programa de pavimento urbano, \u201csin precedentes\u201d que ha tenido La Verde.<br \/>\nEl dispositivo funcionar\u00e1 en dos turnos, con un m\u00e1ximo de 60 ni\u00f1os y ni\u00f1as entre ambos, todos ellos provenientes de los barrios Villa Quijano, Barrio Norte y 41 Viviendas, y con un tiempo de permanencia en promedio de cinco horas diarias. All\u00ed se les brindar\u00e1 asistencia nutricional (servicio de refrigerio y comedor); espacio de aprendizaje y desarrollo de sus inteligencias m\u00faltiples con acompa\u00f1amiento pedag\u00f3gico, desarrollo de su psicomotricidad y estimulaci\u00f3n temprana.<br \/>\nLa obra del, financiada por el Ministerio de Planificaci\u00f3n, Econom\u00eda e Infraestructura, represent\u00f3 una inversi\u00f3n total de $57.752.057. El espacio estar\u00e1 destinado a la atenci\u00f3n de ni\u00f1os y ni\u00f1as en condici\u00f3n de vulnerabilidad, de la mano de profesionales que aportar\u00e1n a potenciar el desarrollo de la primera infancia, brindando atenci\u00f3n integral por medio de la educaci\u00f3n inicial.<\/p>\n<p>P\u00eda Chiacchio Cavana: \u201cSeguimos trabajando para garantizar derechos\u201d<br \/>\nAl respecto, la ministra de Desarrollo Social, record\u00f3 que se trata del CDI n\u00famero 21 y \u201ces el primer CDI que inauguramos en una zona rural, por lo tanto, tiene una forma, un tama\u00f1o, una din\u00e1mica diferente\u201d, aclar\u00f3. \u201cRealmente es una enorme satisfacci\u00f3n que podamos seguir hasta el \u00faltimo d\u00eda como el primer d\u00eda. Trabajando en poder garantizar derechos y en poder concluir la mayor cantidad de obras posibles\u201d, concluy\u00f3 Chiacchio Cavana.<br \/>\nEl edificio cuenta con un \u00e1rea administrativa; un \u00e1rea de servicios (cocina, sanitario para el personal, sanitario para personas con discapacidad, sanitarios para alumnos, dos tanques de agua); un \u00e1rea general (deambulatorio, lactario y comedor); un \u00e1rea pedag\u00f3gica (salas de 2, 3 y 4 a\u00f1os); y un espacio exterior con acceso semicubierto y patios.<br \/>\nEst\u00e1 equipado, adem\u00e1s, con instalaci\u00f3n el\u00e9ctrica, telefon\u00eda y datos, detecci\u00f3n de incendios, portero el\u00e9ctrico, instalaci\u00f3n sanitaria, agua fr\u00eda y caliente, cloacal y pluvial, instalaci\u00f3n contra incendios (matafuegos),instalaci\u00f3n termo mec\u00e1nica (aire acondicionado tipo Split), y equipamiento (mesadas en granito gris mara y muebles<\/p>\n<p>Pe\u00f1a: \u201cLa Verde se ha desarrollado enormemente en infraestructura\u201d<br \/>\nPor su parte, el intendente de La Verde, Ram\u00f3n Pe\u00f1a, destac\u00f3 que \u201carrancamos con el gobernador Capitanich inaugurando obras en el 2019, y vamos a terminar su mandato de la misma manera. Durante y despu\u00e9s de la pandemia, La Verde se ha desarrollado enormemente en materia de infraestructura, y por eso estamos muy orgullosos y felices de haber pertenecido y trabajado con este Gobierno para el beneficio de nuestro pueblo\u201d.<\/p>\n<p>Recorrida de viviendas<br \/>\nEn el marco de su visita a la localidad, el gobernador constat\u00f3 el estado de la obra de 40 viviendas financiadas en el marco del Programa Reconstruir, que a partir de una inversi\u00f3n total de $ 828.724.442, permitir\u00e1n el acceso de familias de la localidad al derecho a la casa propia.<br \/>\nese contexto, Capitanich se\u00f1al\u00f3 que \u201cson un total de 700 viviendas que se ir\u00e1n terminando en el transcurso de octubre y noviembre\u201d, dentro del programa de 5.400, que, a su vez forman parte de un total de 8.000 entre las entregadas, adjudicadas y con distintos grados de ejecuci\u00f3n, que \u201cse van cumpliendo progresivamente\u201d, dijo.<br \/>\nCada vivienda, de dos habitaciones y un total de 78 metros cuadrados fue construida con el sistema tipo \u201cCasaforma\u201d, interior y exterior revocado, techo de chapa con cielorraso de placas de yeso; puertas y ventanas exteriores de aluminio, y en el interior, puertas placa. Cuentan con instalaci\u00f3n sanitaria y de agua completas, cocina con mesada de granito y bacha de acero, bajo mesada y alacena.<\/p><\/div>\n","protected":false},"excerpt":{"rendered":"<p>Con una inversi\u00f3n provincial de $57.752.057, el nuevo espacio est\u00e1 destinado a la atenci\u00f3n de ni\u00f1as y ni\u00f1os de 45 d\u00edas a cuatro a\u00f1os en condici\u00f3n de vulnerabilidad, con profesionales que aportar\u00e1n atenci\u00f3n integral. En la ocasi\u00f3n, el mandatario tambi\u00e9n recorri\u00f3 40 viviendas del Programa Reconstruir. En La Verde, el gobernador Jorge Capitanich inaugur\u00f3 este [&hellip;]<\/p>\n","protected":false},"author":1,"featured_media":27880,"comment_status":"closed","ping_status":"closed","sticky":false,"template":"","format":"standard","meta":{"footnotes":""},"categories":[6],"tags":[],"class_list":{"0":"post-27879","1":"post","2":"type-post","3":"status-publish","4":"format-standard","5":"has-post-thumbnail","7":"category-chaco"},"_links":{"self":[{"href":"https:\/\/chacosintesis.com.ar\/index.php\/wp-json\/wp\/v2\/posts\/27879","targetHints":{"allow":["GET"]}}],"collection":[{"href":"https:\/\/chacosintesis.com.ar\/index.php\/wp-json\/wp\/v2\/posts"}],"about":[{"href":"https:\/\/chacosintesis.com.ar\/index.php\/wp-json\/wp\/v2\/types\/post"}],"author":[{"embeddable":true,"href":"https:\/\/chacosintesis.com.ar\/index.php\/wp-json\/wp\/v2\/users\/1"}],"replies":[{"embeddable":true,"href":"https:\/\/chacosintesis.com.ar\/index.php\/wp-json\/wp\/v2\/comments?post=27879"}],"version-history":[{"count":0,"href":"https:\/\/chacosintesis.com.ar\/index.php\/wp-json\/wp\/v2\/posts\/27879\/revisions"}],"wp:featuredmedia":[{"embeddable":true,"href":"https:\/\/chacosintesis.com.ar\/index.php\/wp-json\/wp\/v2\/media\/27880"}],"wp:attachment":[{"href":"https:\/\/chacosintesis.com.ar\/index.php\/wp-json\/wp\/v2\/media?parent=27879"}],"wp:term":[{"taxonomy":"category","embeddable":true,"href":"https:\/\/chacosintesis.com.ar\/index.php\/wp-json\/wp\/v2\/categories?post=27879"},{"taxonomy":"post_tag","embeddable":true,"href":"https:\/\/chacosintesis.com.ar\/index.php\/wp-json\/wp\/v2\/tags?post=27879"}],"curies":[{"name":"wp","href":"https:\/\/api.w.org\/{rel}","templated":true}]}}