{"id":27865,"date":"2023-10-11T19:31:49","date_gmt":"2023-10-11T22:31:49","guid":{"rendered":"https:\/\/chacosintesis.com.ar\/?p=27865"},"modified":"2023-10-11T19:38:04","modified_gmt":"2023-10-11T22:38:04","slug":"perez-pons-recordo-que-el-proceso-de-regularizacion-laboral-fue-creado-en-acuerdo-paritario-con-todos-los-gremios","status":"publish","type":"post","link":"https:\/\/chacosintesis.com.ar\/index.php\/perez-pons-recordo-que-el-proceso-de-regularizacion-laboral-fue-creado-en-acuerdo-paritario-con-todos-los-gremios\/","title":{"rendered":"P\u00e9rez Pons record\u00f3 que el proceso de regularizaci\u00f3n laboral fue creado en acuerdo paritario con todos los gremios"},"content":{"rendered":"<div class=\"postie-post\">El ministro remarc\u00f3 que el proceso \u201cno naci\u00f3 de la noche a la ma\u00f1ana\u201d, y que \u201cse construy\u00f3 con todos los gremios estatales (UPCP, UPCN y ATE) en el marco del Convenio Colectivo de Trabajo (CCT), que tiene car\u00e1cter de ley\u201d.<br \/>\nEl diputado provincial electo y actual ministro de Planificaci\u00f3n, Econom\u00eda e Infraestructura, Santiago P\u00e9rez Pons, respondi\u00f3 este mi\u00e9rcoles al diputado Livio Guti\u00e9rrez, quien en declaraciones medi\u00e1ticas cuestion\u00f3 la legitimidad del proceso de regularizaci\u00f3n laboral iniciado por el Gobierno provincial para garantizar derechos a trabajadoras y trabajadores estatales.<br \/>\n\u201cEn un acto de total irracionalidad, el bloque legislativo radical inici\u00f3 tratativas para solicitar la inconstitucionalidad del proceso de regularizaci\u00f3n laboral, que fue creado bajo el convenio colectivo de trabajo y en acuerdo paritario entre el Poder Ejecutivo y todos los gremios firmantes\u201d, se\u00f1al\u00f3 P\u00e9rez Pons.<br \/>\nEl diputado electo advirti\u00f3 que, si bien no se encuentra ning\u00fan argumento firme en las declaraciones de Guti\u00e9rrez, en sus expresiones medi\u00e1ticas se entiende que tal pedido ser\u00eda por tres supuestos motivos: vulnerar la posibilidad de participaci\u00f3n de cualquier habitante, la desconfianza respecto al rol de control de los sindicatos, y la posibilidad de comprometer econ\u00f3micamente a la gesti\u00f3n futura.<br \/>\n\u201cLa \u00fanica conclusi\u00f3n a la que puedo llegar despu\u00e9s de esto es que no conocen el Estado, se dedican a mentir y, tal como hicieron todos estos a\u00f1os, est\u00e1n improvisando. Una vez m\u00e1s demuestran que el radicalismo vive de la mentira y la improvisaci\u00f3n\u201d, apunt\u00f3 P\u00e9rez Pons.<\/p>\n<p>Un proceso transparente para garantizar derechos<\/p>\n<p>En referencia a las acusaciones, P\u00e9rez Pons explic\u00f3 que el proceso de regularizaci\u00f3n laboral \u201ces para quienes prestan un servicio laboral de manera permanente en el Estado. Estamos hablando de porteros de escuelas, trabajadores\/as sociales en centros de desarrollo infantil o residencias de adultos mayores, enfermeras en centros de atenci\u00f3n primaria, entre muchos otros\u201d.<br \/>\nAdem\u00e1s, remarc\u00f3 que dicho proceso \u201cno naci\u00f3 de la noche a la ma\u00f1ana, ni mucho menos es parte de alg\u00fan \u201cplan retirada\u201d como les gusta denunciar a los twitteros de la oposici\u00f3n. Es un proceso que se construy\u00f3 con todos los gremios estatales (UPCP, UPCN y ATE) en el Convenio Colectivo de Trabajo (CCT)\u201d.<br \/>\nEn ese sentido, se dirigi\u00f3 a Guti\u00e9rrez, a quien solicit\u00f3 \u201cmayor responsabilidad\u201d y remarc\u00f3: \u201cDeber\u00eda saber que lo normado bajo el CCT tiene car\u00e1cter de ley, algo que parece desconocer porque ni siquiera ha mencionado el convenio y se qued\u00f3 en el pasado al nombrar \u00fanicamente la Ley 292-A\u201d.<br \/>\nPor otra parte, cuestion\u00f3 que el diputado \u201cno entienda el rol de los sindicatos o, mejor dicho, que lo ignore, ya que bajo cualquier convenio colectivo su rol no es ni el de controladores, ni el de veedores ni nada parecido. Se trata de construir de manera colectiva las relaciones laborales entre el empleador (en este caso el Estado) y sus trabajadores. En ese sentido, todo lo dictado mediante decretos del Gobernador, fue previamente acordado en paritarias libres\u201d.<br \/>\n\u201cMe parece c\u00ednico que quienes nos dejaron una provincia ingobernable por la cantidad de deuda que hab\u00edan tomado, hoy nos acusen de comprometer la gesti\u00f3n futura. Pero, m\u00e1s all\u00e1 de eso, la idea no tiene nada que ver con la realidad\u201d, ampli\u00f3 el actual ministro de la cartera econ\u00f3mica.<br \/>\nEn ese contexto, explic\u00f3 que el proceso iniciado este a\u00f1o tiene como fecha de finalizaci\u00f3n 2030 \u201cno porque queramos demorar el otorgamiento de derechos, sino justamente porque sabemos que tenemos que avanzar de manera responsable en t\u00e9rminos fiscales. Por eso logramos acordar con todos los gremios que la regularizaci\u00f3n laboral sea cubierta solamente con las vacantes generadas a\u00f1o a a\u00f1o (bajas por jubilaciones, renuncias, fallecimientos, etc.)\u201d.<br \/>\nP\u00e9rez Pons se refiri\u00f3 adem\u00e1s a las reuniones de transici\u00f3n que vienen manteniendo con el equipo de Leandro Zdero: \u201ccomo miembro del equipo de transici\u00f3n, le podr\u00eda haber aclarado cualquiera de estas dudas al diputado Guti\u00e9rrez en las reuniones que mantuvimos en Casa de Gobierno. Pero su tendencia a ir por el camino de los diarios, Twitter y Facebook es inquebrantable\u201d.<br \/>\n\u201cAhora tienen una segunda oportunidad de mostrar un verdadero inter\u00e9s por, al menos, entender m\u00ednimamente el funcionamiento del Estado. En la Comisi\u00f3n de Hacienda y Presupuesto podremos discutir cualquier tema, el que sea, en el marco del debate del Presupuesto 2024\u201d, adelant\u00f3 el ministro.<br \/>\nFinalmente, advirti\u00f3 que \u201cla costumbre de ser oposici\u00f3n -y una oposici\u00f3n verdaderamente destructiva, que jam\u00e1s apoy\u00f3 un solo proyecto en favor de la gente- ha llevado al radicalismo a alejarse demasiado de la realidad. Me preocupa enormemente que inicien su gesti\u00f3n con esta postura del \u201cmiente, miente, miente que algo quedar\u00e1\u201d. El 10 de diciembre van a tener que ponerse los pantalones largos y todav\u00eda no compraron la tela\u201d.<\/p><\/div>\n","protected":false},"excerpt":{"rendered":"<p>El ministro remarc\u00f3 que el proceso \u201cno naci\u00f3 de la noche a la ma\u00f1ana\u201d, y que \u201cse construy\u00f3 con todos los gremios estatales (UPCP, UPCN y ATE) en el marco del Convenio Colectivo de Trabajo (CCT), que tiene car\u00e1cter de ley\u201d. El diputado provincial electo y actual ministro de Planificaci\u00f3n, Econom\u00eda e Infraestructura, Santiago P\u00e9rez [&hellip;]<\/p>\n","protected":false},"author":1,"featured_media":27866,"comment_status":"closed","ping_status":"closed","sticky":false,"template":"","format":"standard","meta":{"footnotes":""},"categories":[6],"tags":[],"class_list":{"0":"post-27865","1":"post","2":"type-post","3":"status-publish","4":"format-standard","5":"has-post-thumbnail","7":"category-chaco"},"_links":{"self":[{"href":"https:\/\/chacosintesis.com.ar\/index.php\/wp-json\/wp\/v2\/posts\/27865","targetHints":{"allow":["GET"]}}],"collection":[{"href":"https:\/\/chacosintesis.com.ar\/index.php\/wp-json\/wp\/v2\/posts"}],"about":[{"href":"https:\/\/chacosintesis.com.ar\/index.php\/wp-json\/wp\/v2\/types\/post"}],"author":[{"embeddable":true,"href":"https:\/\/chacosintesis.com.ar\/index.php\/wp-json\/wp\/v2\/users\/1"}],"replies":[{"embeddable":true,"href":"https:\/\/chacosintesis.com.ar\/index.php\/wp-json\/wp\/v2\/comments?post=27865"}],"version-history":[{"count":0,"href":"https:\/\/chacosintesis.com.ar\/index.php\/wp-json\/wp\/v2\/posts\/27865\/revisions"}],"wp:featuredmedia":[{"embeddable":true,"href":"https:\/\/chacosintesis.com.ar\/index.php\/wp-json\/wp\/v2\/media\/27866"}],"wp:attachment":[{"href":"https:\/\/chacosintesis.com.ar\/index.php\/wp-json\/wp\/v2\/media?parent=27865"}],"wp:term":[{"taxonomy":"category","embeddable":true,"href":"https:\/\/chacosintesis.com.ar\/index.php\/wp-json\/wp\/v2\/categories?post=27865"},{"taxonomy":"post_tag","embeddable":true,"href":"https:\/\/chacosintesis.com.ar\/index.php\/wp-json\/wp\/v2\/tags?post=27865"}],"curies":[{"name":"wp","href":"https:\/\/api.w.org\/{rel}","templated":true}]}}