{"id":27863,"date":"2023-10-11T19:30:08","date_gmt":"2023-10-11T22:30:08","guid":{"rendered":"https:\/\/chacosintesis.com.ar\/?p=27863"},"modified":"2023-10-11T19:38:01","modified_gmt":"2023-10-11T22:38:01","slug":"llamado-a-licitacion-para-mas-obras-viales-en-saenz-pena","status":"publish","type":"post","link":"https:\/\/chacosintesis.com.ar\/index.php\/llamado-a-licitacion-para-mas-obras-viales-en-saenz-pena\/","title":{"rendered":"Llamado a licitaci\u00f3n para m\u00e1s obras viales en S\u00e1enz Pe\u00f1a"},"content":{"rendered":"<div class=\"postie-post\">Se trata de la repavimentaci\u00f3n y bacheo de avenida Hip\u00f3lito Yrigoyen, avenida Kennedy y Calle Janik. Adem\u00e1s de iluminaci\u00f3n y se\u00f1alizaci\u00f3n, el proyecto incluye la ejecuci\u00f3n de espacios verdes y de recreaci\u00f3n.<br \/>\nEl gobierno de la provincia anunci\u00f3 este mi\u00e9rcoles el llamado a licitaci\u00f3n p\u00fablica para la obra de \u201cCierre de Malla&#8221; en distintas \u00e1reas de la ciudad de Roque S\u00e1enz Pe\u00f1a, en el marco del Programa de Desarrollo de Infraestructura Municipal. El financiamiento de la obra ser\u00e1 a trav\u00e9s del pr\u00e9stamo CAF 11533, es la licitaci\u00f3n p\u00fablica internacional N\u00b03 del 2023 del programa de Desarrollo de Infraestructura Municipal. El presupuesto oficial para la obra es de $2.403.019.892,10 y se prev\u00e9 un plazo de ejecuci\u00f3n de 365 d\u00edas corridos.<br \/>\n\u201cComprende el cierre de malla en distintas \u00e1reas, en particular, la pavimentaci\u00f3n de la avenida 2 entre avenida 33 y calle 51; el bacheo y repavimentaci\u00f3n de avenida Kennedy entre RN 95 y la Ferichaco y el bacheo y repavimentaci\u00f3n de la calle Janik entre RN 16 y las v\u00edas del ferrocarril\u201d, precis\u00f3 el administrador de la Direcci\u00f3n de Vialidad Provincial, Hugo Varela. El proyecto comprende adem\u00e1s iluminaci\u00f3n, se\u00f1alizaci\u00f3n vertical y horizontal y la ejecuci\u00f3n de espacios verdes y de recreaci\u00f3n.<br \/>\n\u201cEs otra de las obras que el gobernador se ha comprometido con la ciudad, se est\u00e1 dando cumplimiento con las etapas de licitaci\u00f3n y apertura de sobres; quedar\u00e1 en el a\u00f1o pr\u00f3ximo el inicio de obra y su ejecuci\u00f3n\u201d, agreg\u00f3 Varela. La consulta y obtenci\u00f3n de pliegos est\u00e1 disponible en la web <a href=\"http:\/\/www.vialidadchaco.net\/licitaciones-nacionales\">www.vialidadchaco.net\/licitaciones-nacionales<\/a> o bien en la oficina del Departamento de Licitaciones y Compras, en el segundo piso de la DVP en Avenida 25 de Mayo y ruta nacional N\u00b0 11 de Resistencia.<br \/>\nLa recepci\u00f3n de las ofertas ser\u00e1 en mesa de entrada de la DVP de 7:30 a 13 y se extender\u00e1 hasta el 23 de noviembre de 2023 a las 10:30. La apertura de ofertas est\u00e1 prevista para el mismo 23 de noviembre a las 11, en el Sal\u00f3n Auditorio de la DVP.<\/div>\n","protected":false},"excerpt":{"rendered":"<p>Se trata de la repavimentaci\u00f3n y bacheo de avenida Hip\u00f3lito Yrigoyen, avenida Kennedy y Calle Janik. Adem\u00e1s de iluminaci\u00f3n y se\u00f1alizaci\u00f3n, el proyecto incluye la ejecuci\u00f3n de espacios verdes y de recreaci\u00f3n. El gobierno de la provincia anunci\u00f3 este mi\u00e9rcoles el llamado a licitaci\u00f3n p\u00fablica para la obra de \u201cCierre de Malla&#8221; en distintas \u00e1reas [&hellip;]<\/p>\n","protected":false},"author":1,"featured_media":27864,"comment_status":"closed","ping_status":"closed","sticky":false,"template":"","format":"standard","meta":{"footnotes":""},"categories":[6],"tags":[],"class_list":{"0":"post-27863","1":"post","2":"type-post","3":"status-publish","4":"format-standard","5":"has-post-thumbnail","7":"category-chaco"},"_links":{"self":[{"href":"https:\/\/chacosintesis.com.ar\/index.php\/wp-json\/wp\/v2\/posts\/27863","targetHints":{"allow":["GET"]}}],"collection":[{"href":"https:\/\/chacosintesis.com.ar\/index.php\/wp-json\/wp\/v2\/posts"}],"about":[{"href":"https:\/\/chacosintesis.com.ar\/index.php\/wp-json\/wp\/v2\/types\/post"}],"author":[{"embeddable":true,"href":"https:\/\/chacosintesis.com.ar\/index.php\/wp-json\/wp\/v2\/users\/1"}],"replies":[{"embeddable":true,"href":"https:\/\/chacosintesis.com.ar\/index.php\/wp-json\/wp\/v2\/comments?post=27863"}],"version-history":[{"count":0,"href":"https:\/\/chacosintesis.com.ar\/index.php\/wp-json\/wp\/v2\/posts\/27863\/revisions"}],"wp:featuredmedia":[{"embeddable":true,"href":"https:\/\/chacosintesis.com.ar\/index.php\/wp-json\/wp\/v2\/media\/27864"}],"wp:attachment":[{"href":"https:\/\/chacosintesis.com.ar\/index.php\/wp-json\/wp\/v2\/media?parent=27863"}],"wp:term":[{"taxonomy":"category","embeddable":true,"href":"https:\/\/chacosintesis.com.ar\/index.php\/wp-json\/wp\/v2\/categories?post=27863"},{"taxonomy":"post_tag","embeddable":true,"href":"https:\/\/chacosintesis.com.ar\/index.php\/wp-json\/wp\/v2\/tags?post=27863"}],"curies":[{"name":"wp","href":"https:\/\/api.w.org\/{rel}","templated":true}]}}