{"id":27847,"date":"2023-10-11T19:08:46","date_gmt":"2023-10-11T22:08:46","guid":{"rendered":"https:\/\/chacosintesis.com.ar\/?p=27847"},"modified":"2023-10-11T19:37:36","modified_gmt":"2023-10-11T22:37:36","slug":"jardines-y-escuelas-propuestas-para-conmemorar-el-mes-de-la-diversidad-cultural","status":"publish","type":"post","link":"https:\/\/chacosintesis.com.ar\/index.php\/jardines-y-escuelas-propuestas-para-conmemorar-el-mes-de-la-diversidad-cultural\/","title":{"rendered":"Jardines y escuelas: propuestas para conmemorar el Mes de la Diversidad Cultural"},"content":{"rendered":"<div class=\"postie-post\">El Ministerio de Educaci\u00f3n de la provincia invita a las comunidades educativas a repasar sobre el significado de cada una de las fechas que se conmemoran.<br \/>\nEn el mes de la diversidad cultural, desde el Ministerio de Educaci\u00f3n de Chaco se invita a las comunidades educativas a hacer un repaso sobre el significado de cada una de las fechas que se conmemoran.<br \/>\nPrimeramente, este mi\u00e9rcoles es 11 de octubre, \u00daltimo D\u00eda de Libertad de los Pueblos Ind\u00edgenas de Am\u00e9rica. En este d\u00eda, los pueblos originarios realizan actividades con sus comunidades para \u201cel rescate y revalorizaci\u00f3n de la cultura originaria\u201d, generalmente en las escuelas, donde se busca rescatar los mitos, las leyendas, an\u00e9cdotas ancestrales, costumbres, comidas, artesan\u00edas y juegos tradicionales.<br \/>\n\u201cTrabajamos en las escuelas para revalorizar la cultura originaria, partiendo del respeto, de los valores y las cosmovisiones, e incluimos pr\u00e1cticas culturales como la ense\u00f1anza de las artesan\u00edas y comidas t\u00edpicas\u201d, precisa Juli\u00e1n Rojas, docente auxiliar aborigen.<br \/>\nEl 12 de octubre conmemoramos el D\u00eda del Respeto a la Diversidad Cultural. \u201cPara nosotros es un d\u00eda de luto y, sobre todo, de reflexi\u00f3n; por lo que en todas las instituciones, comunidades y proyectos educativos comunitarios se propone una jornada de di\u00e1logo intercultural acerca de los derechos de los pueblos originarios\u201d, explican los docentes ind\u00edgenas.<br \/>\nFinalmente, el 13 de octubre, declarado D\u00eda de la Resistencia de los Pueblos Originarios, Es en nuestra provincia una jornada de fortalecimiento de la identidad, de las ra\u00edces, de la lengua materna -hoy oficiales- de los tres pueblos ind\u00edgenas: Wichi, Qom, Moqoit, para dejar un legado a las generaciones de los pueblos ind\u00edgenas.<br \/>\n\u201cTrabajamos sobre nuestras ra\u00edces, nuestra lengua materna, buscando juntos dejar un trabajo fortalecido para las nuevas generaciones en lo que hace a nuestra visi\u00f3n y cosmovisi\u00f3n para ser incluidos, buscando la igualdad para todos en temas relacionados a salud, educaci\u00f3n, tierra, trabajo, para mejorar la calidad de vida de nuestros pueblos ind\u00edgenas\u201d, se\u00f1alan los docentes de la modalidad Educaci\u00f3n Biling\u00fce Intercultural Ind\u00edgena.<\/div>\n","protected":false},"excerpt":{"rendered":"<p>El Ministerio de Educaci\u00f3n de la provincia invita a las comunidades educativas a repasar sobre el significado de cada una de las fechas que se conmemoran. En el mes de la diversidad cultural, desde el Ministerio de Educaci\u00f3n de Chaco se invita a las comunidades educativas a hacer un repaso sobre el significado de cada [&hellip;]<\/p>\n","protected":false},"author":1,"featured_media":27848,"comment_status":"closed","ping_status":"closed","sticky":false,"template":"","format":"standard","meta":{"footnotes":""},"categories":[6],"tags":[],"class_list":{"0":"post-27847","1":"post","2":"type-post","3":"status-publish","4":"format-standard","5":"has-post-thumbnail","7":"category-chaco"},"_links":{"self":[{"href":"https:\/\/chacosintesis.com.ar\/index.php\/wp-json\/wp\/v2\/posts\/27847","targetHints":{"allow":["GET"]}}],"collection":[{"href":"https:\/\/chacosintesis.com.ar\/index.php\/wp-json\/wp\/v2\/posts"}],"about":[{"href":"https:\/\/chacosintesis.com.ar\/index.php\/wp-json\/wp\/v2\/types\/post"}],"author":[{"embeddable":true,"href":"https:\/\/chacosintesis.com.ar\/index.php\/wp-json\/wp\/v2\/users\/1"}],"replies":[{"embeddable":true,"href":"https:\/\/chacosintesis.com.ar\/index.php\/wp-json\/wp\/v2\/comments?post=27847"}],"version-history":[{"count":0,"href":"https:\/\/chacosintesis.com.ar\/index.php\/wp-json\/wp\/v2\/posts\/27847\/revisions"}],"wp:featuredmedia":[{"embeddable":true,"href":"https:\/\/chacosintesis.com.ar\/index.php\/wp-json\/wp\/v2\/media\/27848"}],"wp:attachment":[{"href":"https:\/\/chacosintesis.com.ar\/index.php\/wp-json\/wp\/v2\/media?parent=27847"}],"wp:term":[{"taxonomy":"category","embeddable":true,"href":"https:\/\/chacosintesis.com.ar\/index.php\/wp-json\/wp\/v2\/categories?post=27847"},{"taxonomy":"post_tag","embeddable":true,"href":"https:\/\/chacosintesis.com.ar\/index.php\/wp-json\/wp\/v2\/tags?post=27847"}],"curies":[{"name":"wp","href":"https:\/\/api.w.org\/{rel}","templated":true}]}}