{"id":27845,"date":"2023-10-11T19:06:34","date_gmt":"2023-10-11T22:06:34","guid":{"rendered":"https:\/\/chacosintesis.com.ar\/?p=27845"},"modified":"2023-10-11T19:07:20","modified_gmt":"2023-10-11T22:07:20","slug":"continua-el-pago-de-programas-provinciales","status":"publish","type":"post","link":"https:\/\/chacosintesis.com.ar\/index.php\/continua-el-pago-de-programas-provinciales\/","title":{"rendered":"Contin\u00faa el pago de Programas Provinciales"},"content":{"rendered":"<div class=\"postie-post\">Hoy ser\u00e1 el turno de personas beneficiarias de la Renta M\u00ednima Progresiva, con documentos terminados en 0, 1, 2, 3 y del Servicio de Mantenimiento de Establecimientos Educativos.<br \/>\nComo lo inform\u00f3 el Ministerio de Planificaci\u00f3n, Econom\u00eda e Infraestructura, el cronograma de pagos de programas provinciales, contin\u00faa hoy con el pago a personas beneficiarias de la Renta M\u00ednima Progresiva, con documentos terminados en 0, 1, 2, 3 y 4. Ma\u00f1ana jueves 12, lo har\u00e1n quienes tengan DNI terminados en 5, 6, 7, 8 y 9.<br \/>\nAdem\u00e1s, seg\u00fan el cronograma difundido por el Ministerio de Planificaci\u00f3n, Econom\u00eda e Infraestructura, tambi\u00e9n cobran este mi\u00e9rcoles 11 beneficiarias y beneficiarios del Servicio de Mantenimiento de Establecimientos Educativos, dependiente del Ministerio de Educaci\u00f3n chaque\u00f1o.<br \/>\nPara finalizar el cronograma, el pr\u00f3ximo jueves 12 cobrar\u00e1n las y los becarios del Instituto del Deporte y contratadas y contratados del Instituto de Cultura.<br \/>\nLos salarios se depositar\u00e1n en las cuentas del Nuevo Banco del Chaco (NBCH), por lo que la cartera econ\u00f3mica recuerda que los fondos estar\u00e1n disponibles a trav\u00e9s de todos los canales electr\u00f3nicos de la entidad financiera.<br \/>\nCronograma<br \/>\nRenta M\u00ednima Progresiva: mi\u00e9rcoles 11 de octubre (DNI terminados en 0, 1, 2, 3 y 4); jueves 12 de octubre (DNI terminados en 5, 6, 7, 8 y 9).<br \/>\nServicio de Mantenimiento de Establecimientos Educativos: mi\u00e9rcoles 11 de octubre.<br \/>\nBecas Instituto del Deporte: jueves 12 de octubre.<br \/>\nBecas Instituto de Cultura: jueves 12 de octubre.<\/div>\n","protected":false},"excerpt":{"rendered":"<p>Hoy ser\u00e1 el turno de personas beneficiarias de la Renta M\u00ednima Progresiva, con documentos terminados en 0, 1, 2, 3 y del Servicio de Mantenimiento de Establecimientos Educativos. Como lo inform\u00f3 el Ministerio de Planificaci\u00f3n, Econom\u00eda e Infraestructura, el cronograma de pagos de programas provinciales, contin\u00faa hoy con el pago a personas beneficiarias de la [&hellip;]<\/p>\n","protected":false},"author":1,"featured_media":27846,"comment_status":"closed","ping_status":"closed","sticky":false,"template":"","format":"standard","meta":{"footnotes":""},"categories":[6],"tags":[],"class_list":{"0":"post-27845","1":"post","2":"type-post","3":"status-publish","4":"format-standard","5":"has-post-thumbnail","7":"category-chaco"},"_links":{"self":[{"href":"https:\/\/chacosintesis.com.ar\/index.php\/wp-json\/wp\/v2\/posts\/27845","targetHints":{"allow":["GET"]}}],"collection":[{"href":"https:\/\/chacosintesis.com.ar\/index.php\/wp-json\/wp\/v2\/posts"}],"about":[{"href":"https:\/\/chacosintesis.com.ar\/index.php\/wp-json\/wp\/v2\/types\/post"}],"author":[{"embeddable":true,"href":"https:\/\/chacosintesis.com.ar\/index.php\/wp-json\/wp\/v2\/users\/1"}],"replies":[{"embeddable":true,"href":"https:\/\/chacosintesis.com.ar\/index.php\/wp-json\/wp\/v2\/comments?post=27845"}],"version-history":[{"count":0,"href":"https:\/\/chacosintesis.com.ar\/index.php\/wp-json\/wp\/v2\/posts\/27845\/revisions"}],"wp:featuredmedia":[{"embeddable":true,"href":"https:\/\/chacosintesis.com.ar\/index.php\/wp-json\/wp\/v2\/media\/27846"}],"wp:attachment":[{"href":"https:\/\/chacosintesis.com.ar\/index.php\/wp-json\/wp\/v2\/media?parent=27845"}],"wp:term":[{"taxonomy":"category","embeddable":true,"href":"https:\/\/chacosintesis.com.ar\/index.php\/wp-json\/wp\/v2\/categories?post=27845"},{"taxonomy":"post_tag","embeddable":true,"href":"https:\/\/chacosintesis.com.ar\/index.php\/wp-json\/wp\/v2\/tags?post=27845"}],"curies":[{"name":"wp","href":"https:\/\/api.w.org\/{rel}","templated":true}]}}