{"id":27829,"date":"2023-10-11T08:25:24","date_gmt":"2023-10-11T11:25:24","guid":{"rendered":"https:\/\/chacosintesis.com.ar\/?p=27829"},"modified":"2023-10-11T08:36:42","modified_gmt":"2023-10-11T11:36:42","slug":"zdero-en-presidencia-rocaredoblemos-los-esfuerzos-para-que-patria-bullrich-sea-la-proxima-presidente","status":"publish","type":"post","link":"https:\/\/chacosintesis.com.ar\/index.php\/zdero-en-presidencia-rocaredoblemos-los-esfuerzos-para-que-patria-bullrich-sea-la-proxima-presidente\/","title":{"rendered":"Zdero en Presidencia Roca:&#8221;Redoblemos los esfuerzos para que Patria Bullrich sea la pr\u00f3xima presidente&#8221;"},"content":{"rendered":"<div class=\"postie-post\">El gobernador electo del Chaco Leandro Zdero, acompa\u00f1\u00f3 anoche un acto multitudinario en Presidencia Roca junto al intendente reelecto Gustavo Mart\u00ednez, en el Club Municipal local y en el marco de la campa\u00f1a nacional Patricia Presidente. \u201cAl estar en cada rinc\u00f3n de la provincia, reconocemos la tarea y el trabajo de cada uno de ustedes que fueron los protagonistas del gran triunfo y a cada uno de los chaque\u00f1os, a los que vamos a honrar con buena gesti\u00f3n, administraci\u00f3n y orden. Quiero pedirles el mismo esfuerzo para el 22 de octubre, de ir casa por casa, chacra por chacra, y trabajar para que Patricia sea nuestra pr\u00f3xima Presidente de Argentina\u201d- manifest\u00f3 Zdero.<br \/>\nDurante el acto, en el uso de la palabra, comenz\u00f3 el intendente Martinez diciendo: \u201cHace un tiempo, parec\u00eda un sue\u00f1o, pero aqu\u00ed lo tenemos presente, al gobernador electo, gracias Leandro por venir y agradezco a todos porque nos merec\u00edamos compartir un momento as\u00ed y por la confianza de mi pueblo. El cambio ya lleg\u00f3, la transformaci\u00f3n del nuevo Chaco comenzar\u00e1 a partir del 10 de diciembre y ser\u00e1 de la mano de Leandro Zdero. Nos va a necesitar a todos juntos, anteponiendo siempre las prioridades de la gente, trabajando por el bien de nuestra provincia, pero tambi\u00e9n nos falta algo importante: la presidencia de Patricia Bullrich, ella es la mejor opci\u00f3n, porque ha demostrado coraje y valor para gobernar a nuestro pa\u00eds\u201d.<br \/>\nEL 22 DE OCTUBRE, ES CON ELLA, ES CON PATRICIA<br \/>\nPor \u00faltimo, Zdero remarc\u00f3: \u201cEsta construcci\u00f3n es de todos, y estamos agradecidos con el compromiso de ac\u00e1 en adelante, que es custodiar lo que nos cost\u00f3 conseguir, de trabajar y mucho para dar respuestas espaldas con espaldas en este nuevo tiempo. Acompa\u00f1o a Patricia Bullrich porque tiene programa, equipo, conoce el Chaco, tiene el coraje y la determinaci\u00f3n de ayudarnos. Me emociona saber que lo que construimos, vale la pena. Estoy agradecido a los chaque\u00f1os por esta oportunidad y trabajamos incansablemente para que Patricia sea la pr\u00f3xima presidente\u201d.<\/div>\n","protected":false},"excerpt":{"rendered":"<p>El gobernador electo del Chaco Leandro Zdero, acompa\u00f1\u00f3 anoche un acto multitudinario en Presidencia Roca junto al intendente reelecto Gustavo Mart\u00ednez, en el Club Municipal local y en el marco de la campa\u00f1a nacional Patricia Presidente. \u201cAl estar en cada rinc\u00f3n de la provincia, reconocemos la tarea y el trabajo de cada uno de ustedes [&hellip;]<\/p>\n","protected":false},"author":1,"featured_media":27830,"comment_status":"closed","ping_status":"closed","sticky":false,"template":"","format":"standard","meta":{"footnotes":""},"categories":[6],"tags":[],"class_list":{"0":"post-27829","1":"post","2":"type-post","3":"status-publish","4":"format-standard","5":"has-post-thumbnail","7":"category-chaco"},"_links":{"self":[{"href":"https:\/\/chacosintesis.com.ar\/index.php\/wp-json\/wp\/v2\/posts\/27829","targetHints":{"allow":["GET"]}}],"collection":[{"href":"https:\/\/chacosintesis.com.ar\/index.php\/wp-json\/wp\/v2\/posts"}],"about":[{"href":"https:\/\/chacosintesis.com.ar\/index.php\/wp-json\/wp\/v2\/types\/post"}],"author":[{"embeddable":true,"href":"https:\/\/chacosintesis.com.ar\/index.php\/wp-json\/wp\/v2\/users\/1"}],"replies":[{"embeddable":true,"href":"https:\/\/chacosintesis.com.ar\/index.php\/wp-json\/wp\/v2\/comments?post=27829"}],"version-history":[{"count":0,"href":"https:\/\/chacosintesis.com.ar\/index.php\/wp-json\/wp\/v2\/posts\/27829\/revisions"}],"wp:featuredmedia":[{"embeddable":true,"href":"https:\/\/chacosintesis.com.ar\/index.php\/wp-json\/wp\/v2\/media\/27830"}],"wp:attachment":[{"href":"https:\/\/chacosintesis.com.ar\/index.php\/wp-json\/wp\/v2\/media?parent=27829"}],"wp:term":[{"taxonomy":"category","embeddable":true,"href":"https:\/\/chacosintesis.com.ar\/index.php\/wp-json\/wp\/v2\/categories?post=27829"},{"taxonomy":"post_tag","embeddable":true,"href":"https:\/\/chacosintesis.com.ar\/index.php\/wp-json\/wp\/v2\/tags?post=27829"}],"curies":[{"name":"wp","href":"https:\/\/api.w.org\/{rel}","templated":true}]}}