{"id":27827,"date":"2023-10-10T18:43:54","date_gmt":"2023-10-10T21:43:54","guid":{"rendered":"https:\/\/chacosintesis.com.ar\/?p=27827"},"modified":"2023-10-10T19:06:43","modified_gmt":"2023-10-10T22:06:43","slug":"con-nuevas-obras-en-los-frentones-continua-el-crecimiento-y-desarrollo-de-la-comunidad","status":"publish","type":"post","link":"https:\/\/chacosintesis.com.ar\/index.php\/con-nuevas-obras-en-los-frentones-continua-el-crecimiento-y-desarrollo-de-la-comunidad\/","title":{"rendered":"Con nuevas obras en Los Frentones, contin\u00faa el crecimiento y desarrollo de la comunidad"},"content":{"rendered":"<div class=\"postie-post\">Actualmente se encuentra en ejecuci\u00f3n el CDI, al que se suman refacciones y ampliaciones en establecimientos educativos y la inauguraci\u00f3n de espacios verdes en los \u00faltimos meses.<br \/>\nEl Ministerio de Planificaci\u00f3n, Econom\u00eda e Infraestructura, encabezado por Santiago P\u00e9rez Pons, ejecuta obras de infraestructura b\u00e1sica en Los Frentones, que se suman a otras culminadas e inauguradas durante la \u00faltima gesti\u00f3n. \u201cAdem\u00e1s de responder a las demandas y necesidades de la poblaci\u00f3n, cada una de estas inversiones han generado muchos puestos de trabajo genuino\u201d, destac\u00f3 Perez Pons.<br \/>\nActualmente se encuentra en ejecuci\u00f3n el Centro de Desarrollo Infantil, con una inversi\u00f3n de $53.608.129,22. El edificio estar\u00e1 completamente acondicionado para brindar atenci\u00f3n integral para el desarrollo de ni\u00f1os y ni\u00f1as de 45 d\u00edas a 4 a\u00f1os, que incluye asistencia nutricional, estimulaci\u00f3n temprana y psicomotricidad. \u201cCada obra es trabajo para nuestro pueblo, es muy bueno porque as\u00ed muchas familias pueden salir adelante. Es un orgullo tambi\u00e9n poder trabajar ac\u00e1 que va a ayudar a muchos chicos, chicas y sus mam\u00e1s\u201d valor\u00f3 Hugo Acu\u00f1a, uno de los obreros afectados a esta obra.<br \/>\nHasta el momento la cartera adem\u00e1s ha ejecutado refacciones y ampliaciones en las escuelas Secundaria N\u00ba 55 &#8220;Estanislao L\u00f3pez&#8221; y Primaria N\u00b0 844 \u201cMirta Gladys Santill\u00e1n\u201d, adem\u00e1s del pavimento en las calles de ingreso a las instituciones. En ese sentido, Claudia Mariel Arias directora de la Escuela N\u00b0844, destac\u00f3: \u201cHoy tenemos pavimento alrededor que permite que los chicos puedan venir todos los d\u00edas a clases, sumado a las refacciones que se hicieron en las escuelas, tenemos un municipio y un gobierno muy presente\u201d. Tambi\u00e9n se concretaron obras en espacios verdes: en Los Frentones se llev\u00f3 adelante la refacci\u00f3n de la Plaza del barrio 120 viviendas y la obra del paseo Guaycur\u00fa. Paralelamente se ejecut\u00f3 la plaza central de R\u00edo Muerto, con una inversi\u00f3n superior a los 87 millones de pesos. La misma hoy cuenta con un \u00e1rea de juegos, play\u00f3n libre y la cancha deportiva. A su vez, se construy\u00f3 un anfiteatro, nuevos sanitarios y una oficina de seguridad. De esta manera, se brind\u00f3 a la comunidad un espacio de recreaci\u00f3n y esparcimiento para toda la comunidad. La plaza fue nombrada \u201cBravo Francisca Serafina\u201d, en homenaje a una de las primeras pobladoras de R\u00edo Muerto. Su nieto, Elian Santill\u00e1n, valor\u00f3: \u201cEs algo muy bueno para el pueblo, para los chicos y toda la gente. Agradecido al gobierno y la intendencia que brind\u00f3 todo para que esto se lleve adelante\u201d. Por \u00faltimo, agreg\u00f3 \u201cDurante este tiempo creci\u00f3 much\u00edsimo el pueblo, se hicieron muchas cosas, hoy todas las calles tienen ripio y muchas ya est\u00e1n pavimentadas, podemos transitar tranquilos incluso los d\u00edas de lluvia\u201d. Cabe destacar que en R\u00edo Muerto tambi\u00e9n se habilit\u00f3 la refacci\u00f3n integral del destacamento policial, mejorando las condiciones laborales de los agentes y las instalaciones para atenci\u00f3n a la ciudadan\u00eda.<\/div>\n","protected":false},"excerpt":{"rendered":"<p>Actualmente se encuentra en ejecuci\u00f3n el CDI, al que se suman refacciones y ampliaciones en establecimientos educativos y la inauguraci\u00f3n de espacios verdes en los \u00faltimos meses. El Ministerio de Planificaci\u00f3n, Econom\u00eda e Infraestructura, encabezado por Santiago P\u00e9rez Pons, ejecuta obras de infraestructura b\u00e1sica en Los Frentones, que se suman a otras culminadas e inauguradas [&hellip;]<\/p>\n","protected":false},"author":1,"featured_media":27828,"comment_status":"closed","ping_status":"closed","sticky":false,"template":"","format":"standard","meta":{"footnotes":""},"categories":[6],"tags":[],"class_list":{"0":"post-27827","1":"post","2":"type-post","3":"status-publish","4":"format-standard","5":"has-post-thumbnail","7":"category-chaco"},"_links":{"self":[{"href":"https:\/\/chacosintesis.com.ar\/index.php\/wp-json\/wp\/v2\/posts\/27827","targetHints":{"allow":["GET"]}}],"collection":[{"href":"https:\/\/chacosintesis.com.ar\/index.php\/wp-json\/wp\/v2\/posts"}],"about":[{"href":"https:\/\/chacosintesis.com.ar\/index.php\/wp-json\/wp\/v2\/types\/post"}],"author":[{"embeddable":true,"href":"https:\/\/chacosintesis.com.ar\/index.php\/wp-json\/wp\/v2\/users\/1"}],"replies":[{"embeddable":true,"href":"https:\/\/chacosintesis.com.ar\/index.php\/wp-json\/wp\/v2\/comments?post=27827"}],"version-history":[{"count":0,"href":"https:\/\/chacosintesis.com.ar\/index.php\/wp-json\/wp\/v2\/posts\/27827\/revisions"}],"wp:featuredmedia":[{"embeddable":true,"href":"https:\/\/chacosintesis.com.ar\/index.php\/wp-json\/wp\/v2\/media\/27828"}],"wp:attachment":[{"href":"https:\/\/chacosintesis.com.ar\/index.php\/wp-json\/wp\/v2\/media?parent=27827"}],"wp:term":[{"taxonomy":"category","embeddable":true,"href":"https:\/\/chacosintesis.com.ar\/index.php\/wp-json\/wp\/v2\/categories?post=27827"},{"taxonomy":"post_tag","embeddable":true,"href":"https:\/\/chacosintesis.com.ar\/index.php\/wp-json\/wp\/v2\/tags?post=27827"}],"curies":[{"name":"wp","href":"https:\/\/api.w.org\/{rel}","templated":true}]}}