{"id":27825,"date":"2023-10-10T18:38:42","date_gmt":"2023-10-10T21:38:42","guid":{"rendered":"https:\/\/chacosintesis.com.ar\/?p=27825"},"modified":"2023-10-10T19:06:40","modified_gmt":"2023-10-10T22:06:40","slug":"la-legislatura-buscara-sancionar-la-tolerancia-cero-de-alcohol-para-manejar-todo-tipo-de-vehiculos","status":"publish","type":"post","link":"https:\/\/chacosintesis.com.ar\/index.php\/la-legislatura-buscara-sancionar-la-tolerancia-cero-de-alcohol-para-manejar-todo-tipo-de-vehiculos\/","title":{"rendered":"La Legislatura buscar\u00e1 sancionar la \u201ctolerancia cero de alcohol\u201d para manejar todo tipo de veh\u00edculos"},"content":{"rendered":"<div class=\"postie-post\">El proyecto forma parte del temario acordado para la sesi\u00f3n ordinaria de este mi\u00e9rcoles, a partir de las 14. en el recinto legislativo. Esta prevista, adem\u00e1s, una sesi\u00f3n especial a las 13:45 para aprobar la designaci\u00f3n del cargo vacante en el Tribunal de Cuentas de la provincia.<br \/>\nEl acuerdo al que se arrib\u00f3 en la reuni\u00f3n de Labor Parlamentaria tiene como primer punto la ratificaci\u00f3n del Decreto N\u00ba 1.336 del Poder ejecutivo por el cual se declara el reconocimiento de la Mesa Evang\u00e9lica Chaco, estableciendo que la misma estar\u00e1 conformada por Pastores de Iglesias Cristianas Evang\u00e9licas de la Provincia y ser\u00e1 avalada por la direcci\u00f3n de Cultos, dependiente de la Subsecretaria de Gobierno del Ministerio de Gobierno y Trabajo.<br \/>\nLegisladoras y legisladores tambi\u00e9n buscar\u00e1n sancionar la ley por la cual se asigna con car\u00e1cter de letrado al Juzgado de Paz de Faltas de la localidad de Fontana, el cual estar\u00e1 a cargo de un juez y de dos Secretarios, todos con t\u00edtulo de abogado.<br \/>\nComo punto tercero se prev\u00e9 la aprobaci\u00f3n de una modificaci\u00f3n al R\u00e9gimen de Tr\u00e1nsito y Seguridad Vial del Chaco con el fin de extender la \u201ctolerancia cero\u201d al consumo de alcohol en la conducci\u00f3n de cualquier veh\u00edculo que se incorpore al tr\u00e1nsito en la provincia, quedando comprendidos los veh\u00edculos a motor, las bicicletas y\/o cualquier otro que en un futuro se incorpore.<br \/>\nPor \u00faltimo, se tratar\u00e1 una iniciativa del diputado Juan Jos\u00e9 Bergia, por el cual se propone la obligatoriedad de instalar c\u00e1maras de seguridad en el interior de todas las unidades de transporte de pasajeros habilitadas por el Estado provincial para prestar servicios en el territorio de la Provincia, que filmen en tiempo real y almacenen las im\u00e1genes durante un determinado per\u00edodo, en las condiciones que establezca la reglamentaci\u00f3n.<br \/>\nEstuvieron presentes los diputados Hugo Sager, Atlanto Honcheruk y las legisladoras Tere Cubells, Paola Ben\u00edtez y Zulma Galeano.<\/div>\n","protected":false},"excerpt":{"rendered":"<p>El proyecto forma parte del temario acordado para la sesi\u00f3n ordinaria de este mi\u00e9rcoles, a partir de las 14. en el recinto legislativo. Esta prevista, adem\u00e1s, una sesi\u00f3n especial a las 13:45 para aprobar la designaci\u00f3n del cargo vacante en el Tribunal de Cuentas de la provincia. El acuerdo al que se arrib\u00f3 en la [&hellip;]<\/p>\n","protected":false},"author":1,"featured_media":27826,"comment_status":"closed","ping_status":"closed","sticky":false,"template":"","format":"standard","meta":{"footnotes":""},"categories":[6],"tags":[],"class_list":{"0":"post-27825","1":"post","2":"type-post","3":"status-publish","4":"format-standard","5":"has-post-thumbnail","7":"category-chaco"},"_links":{"self":[{"href":"https:\/\/chacosintesis.com.ar\/index.php\/wp-json\/wp\/v2\/posts\/27825","targetHints":{"allow":["GET"]}}],"collection":[{"href":"https:\/\/chacosintesis.com.ar\/index.php\/wp-json\/wp\/v2\/posts"}],"about":[{"href":"https:\/\/chacosintesis.com.ar\/index.php\/wp-json\/wp\/v2\/types\/post"}],"author":[{"embeddable":true,"href":"https:\/\/chacosintesis.com.ar\/index.php\/wp-json\/wp\/v2\/users\/1"}],"replies":[{"embeddable":true,"href":"https:\/\/chacosintesis.com.ar\/index.php\/wp-json\/wp\/v2\/comments?post=27825"}],"version-history":[{"count":0,"href":"https:\/\/chacosintesis.com.ar\/index.php\/wp-json\/wp\/v2\/posts\/27825\/revisions"}],"wp:featuredmedia":[{"embeddable":true,"href":"https:\/\/chacosintesis.com.ar\/index.php\/wp-json\/wp\/v2\/media\/27826"}],"wp:attachment":[{"href":"https:\/\/chacosintesis.com.ar\/index.php\/wp-json\/wp\/v2\/media?parent=27825"}],"wp:term":[{"taxonomy":"category","embeddable":true,"href":"https:\/\/chacosintesis.com.ar\/index.php\/wp-json\/wp\/v2\/categories?post=27825"},{"taxonomy":"post_tag","embeddable":true,"href":"https:\/\/chacosintesis.com.ar\/index.php\/wp-json\/wp\/v2\/tags?post=27825"}],"curies":[{"name":"wp","href":"https:\/\/api.w.org\/{rel}","templated":true}]}}