{"id":27821,"date":"2023-10-10T18:30:16","date_gmt":"2023-10-10T21:30:16","guid":{"rendered":"https:\/\/chacosintesis.com.ar\/?p=27821"},"modified":"2023-10-10T18:37:25","modified_gmt":"2023-10-10T21:37:25","slug":"kevin-rosemberg-reservista-chaqueno-lo-que-esta-pasando-es-terrible-y-podria-durar-mucho-tiempo","status":"publish","type":"post","link":"https:\/\/chacosintesis.com.ar\/index.php\/kevin-rosemberg-reservista-chaqueno-lo-que-esta-pasando-es-terrible-y-podria-durar-mucho-tiempo\/","title":{"rendered":"Kevin Rosemberg, reservista chaque\u00f1o: \u201cLo que est\u00e1 pasando es terrible y podr\u00eda durar mucho tiempo\u201d"},"content":{"rendered":"<div class=\"postie-post\">Tiene 31 a\u00f1os, hizo el servicio militar en Israel y ahora espera ser convocado para entrar en combate. \u201cTengo amigos que est\u00e1n sufriendo\u201d, relat\u00f3 y consider\u00f3 que la magnitud de la agresi\u00f3n recibida por Israel fue \u201cinesperada\u201d. \u201cCon mis amigos, tenemos un grupo de whatsapp en el que habl\u00e1bamos de f\u00fatbol y ahora lo usamos para contarnos c\u00f3mo est\u00e1n nuestras familias y nosotros\u201d, describi\u00f3.<br \/>\nEl nuevo conflicto armado desatado entre Israel y Palestina en la Franja de Gaza, cuyas consecuencias son a\u00fan incalculables, alcanza a cientos de j\u00f3venes diseminados por el mundo, que integran la reserva del ej\u00e9rcito israel\u00ed y, m\u00e1s temprano que tarde, ser\u00e1n convocados para entrar en combate. Uno de ellos, aunque no el \u00fanico, es chaque\u00f1o. Se llama Kevin Rosemberg y relat\u00f3 en primera persona la consternaci\u00f3n con que se viven novedades que llegan desde el lejano Medio Oriente: \u201cLo que est\u00e1 pasando es terrible y podr\u00eda durar mucho tiempo\u201d, asegur\u00f3.<br \/>\nEn declaraciones a Radio Provincia, el joven de 31 a\u00f1os cont\u00f3 que complet\u00f3 el servicio militar en Israel y, una vez por a\u00f1o, es convocado para entrenar una semana en una base, donde aprender qu\u00e9 hacer en las distintas situaciones que puedan presentarse. \u201cLa verdad, lo que estamos pasando es muy duro,  lo estoy siguiendo todo el tiempo viendo las noticias de Israel, recibiendo todo el tiempo mensajes de mis amigos, algunos que est\u00e1n combatiendo y otros que est\u00e1n encerrados en sus casas\u201d, cont\u00f3 Kevin.<br \/>\nEn lo personal, a\u00fan no ha sido convocado para prestar servicio, pero estima que el llamado llegar\u00e1 m\u00e1s temprano que tarde. \u201cMe dijeron que est\u00e9 atento,  todav\u00eda no se entr\u00f3 por tierra, pero es algo que va a pasar y entonces tendr\u00e9 que ir\u201d, asegur\u00f3. En ese sentido, remarc\u00f3 que \u201csiento el deber de estar ah\u00ed con mis amigos, con mi gente, con mis compa\u00f1eros; preferir\u00eda que esto no est\u00e9 pasando pero no es as\u00ed y ahora me toca estar atento por la convocatoria\u201d.<br \/>\nInesperado<br \/>\nPara Kevin la magnitud del ataque recibido por Israel es, cuanto menos, inesperado. \u201cEmpezamos a recibir mensajes contando que estaban cayendo misiles y, en un primer momento, me pareci\u00f3 algo \u00b4normal\u00b4; pero despu\u00e9s vimos que era algo grave porque pasaron cosas que no tienen precedentes\u201d, advirti\u00f3.<br \/>\nEntre los hechos m\u00e1s llamativos, el reservista chaque\u00f1o destac\u00f3 la presencia de \u201cterroristas\u201d en auto dentro de Israel, sumado a otros videos con vejaciones y tratos inhumanos sufridos por civiles israel\u00edes que generan \u201cmucho dolor\u201d. Rosemberg asegur\u00f3 que \u201clo m\u00e1s duro\u201d tiene que ver con el sufrimiento de personas civiles que \u201cno tienen nada que ver\u201d. \u201cLa crueldad de los terroristas es inmensa, suben videos a las redes sociales mostrando ni\u00f1os enjaulados y ancianos que son maltratados; la verdad es muy grave lo que est\u00e1 pasando\u201d, dijo.<br \/>\nEn resumen, el reservista chaque\u00f1o consider\u00f3 que \u201calguien que nunca vivi\u00f3 algo as\u00ed, no puede llegar a entender: hay muchas preguntas y me imagino que cuando esto termine se van a hacer muchas preguntas, pero sobre todo van a tener que dar respuestas\u201d. \u201cLa situaci\u00f3n cambi\u00f3 tanto que nuestro grupo de WhatsApp de los pibes, que somos argentinos y habl\u00e1bamos de f\u00fatbol o cosas as\u00ed, ahora lo usamos para avisar c\u00f3mo est\u00e1 cada uno en su casa, qu\u00e9 est\u00e1 pasando y c\u00f3mo est\u00e1n las familias: realmente es terrible\u201d, grafic\u00f3.<\/div>\n","protected":false},"excerpt":{"rendered":"<p>Tiene 31 a\u00f1os, hizo el servicio militar en Israel y ahora espera ser convocado para entrar en combate. \u201cTengo amigos que est\u00e1n sufriendo\u201d, relat\u00f3 y consider\u00f3 que la magnitud de la agresi\u00f3n recibida por Israel fue \u201cinesperada\u201d. \u201cCon mis amigos, tenemos un grupo de whatsapp en el que habl\u00e1bamos de f\u00fatbol y ahora lo usamos [&hellip;]<\/p>\n","protected":false},"author":1,"featured_media":27822,"comment_status":"closed","ping_status":"closed","sticky":false,"template":"","format":"standard","meta":{"footnotes":""},"categories":[6],"tags":[],"class_list":{"0":"post-27821","1":"post","2":"type-post","3":"status-publish","4":"format-standard","5":"has-post-thumbnail","7":"category-chaco"},"_links":{"self":[{"href":"https:\/\/chacosintesis.com.ar\/index.php\/wp-json\/wp\/v2\/posts\/27821","targetHints":{"allow":["GET"]}}],"collection":[{"href":"https:\/\/chacosintesis.com.ar\/index.php\/wp-json\/wp\/v2\/posts"}],"about":[{"href":"https:\/\/chacosintesis.com.ar\/index.php\/wp-json\/wp\/v2\/types\/post"}],"author":[{"embeddable":true,"href":"https:\/\/chacosintesis.com.ar\/index.php\/wp-json\/wp\/v2\/users\/1"}],"replies":[{"embeddable":true,"href":"https:\/\/chacosintesis.com.ar\/index.php\/wp-json\/wp\/v2\/comments?post=27821"}],"version-history":[{"count":0,"href":"https:\/\/chacosintesis.com.ar\/index.php\/wp-json\/wp\/v2\/posts\/27821\/revisions"}],"wp:featuredmedia":[{"embeddable":true,"href":"https:\/\/chacosintesis.com.ar\/index.php\/wp-json\/wp\/v2\/media\/27822"}],"wp:attachment":[{"href":"https:\/\/chacosintesis.com.ar\/index.php\/wp-json\/wp\/v2\/media?parent=27821"}],"wp:term":[{"taxonomy":"category","embeddable":true,"href":"https:\/\/chacosintesis.com.ar\/index.php\/wp-json\/wp\/v2\/categories?post=27821"},{"taxonomy":"post_tag","embeddable":true,"href":"https:\/\/chacosintesis.com.ar\/index.php\/wp-json\/wp\/v2\/tags?post=27821"}],"curies":[{"name":"wp","href":"https:\/\/api.w.org\/{rel}","templated":true}]}}