{"id":27819,"date":"2023-10-10T18:29:00","date_gmt":"2023-10-10T21:29:00","guid":{"rendered":"https:\/\/chacosintesis.com.ar\/?p=27819"},"modified":"2023-10-10T18:37:22","modified_gmt":"2023-10-10T21:37:22","slug":"llega-un-nuevo-transformador-que-va-a-duplicar-la-alimentacion-de-energia-en-el-area-metropolitana","status":"publish","type":"post","link":"https:\/\/chacosintesis.com.ar\/index.php\/llega-un-nuevo-transformador-que-va-a-duplicar-la-alimentacion-de-energia-en-el-area-metropolitana\/","title":{"rendered":"Llega un nuevo transformador que va a duplicar la alimentaci\u00f3n de energ\u00eda en el \u00c1rea Metropolitana"},"content":{"rendered":"<div class=\"postie-post\">Esto servir\u00e1 para mitigar las dificultades en el verano y se suma a un plan de fortalecimiento energ\u00e9tico proyectado para los pr\u00f3ximos cinco a\u00f1os.<br \/>\nEste lunes lleg\u00f3 al Centro de Distribuci\u00f3n N\u00b0 17 que se encuentra en la localidad de Fontana un transformador de potencia de 30 MVA que ser\u00e1 incorporado al Sistema El\u00e9ctrico del \u00c1rea Metropolitana, en lo que representa una inversi\u00f3n 100% de la provincia.<br \/>\nEl gobernador Jorge Capitanich comparti\u00f3 la noticia en sus redes sociales y asegur\u00f3 que este equipo duplicar\u00e1 la potencia instalada y &#8220;permitir\u00e1 pasar de un transformador de 15 Mw a uno de 30 Mw y reconfigura la estaci\u00f3n transformadora.&#8221; &#8220;Esta estaci\u00f3n que actualmente es de 33 Kw pasar\u00e1 a ser de 132 Kw, eso hace que opere en alta tensi\u00f3n y brinda mayor capacidad de distribuci\u00f3n de energ\u00eda el\u00e9ctrica y de transferencia en caso de contingencias para alimentar otros puntos de la ciudad.&#8221;, manifest\u00f3. Adem\u00e1s dijo que desde el Gobierno provincial se sigue &#8220;impulsando inversiones para promover la calidad de servicio que brinda Secheep y que las y los ciudadanos chaque\u00f1os tengan a\u00f1o tras a\u00f1o una empresa energ\u00e9tica m\u00e1s grande, m\u00e1s robusta y con mayor capacidad para el crecimiento econ\u00f3mico y el desarrollo industrial de la provincia&#8221;.<br \/>\n\u201cEste Centro actualmente alimenta a 18.000 clientes de esta zona, este nuevo equipo va a duplicar la potencia, es decir, vamos a pasar de un transformador de 15 MVA a uno de 30\u201d, explic\u00f3 el presidente de Secheep, Gast\u00f3n Blanquet, y se\u00f1al\u00f3 que \u201ctambi\u00e9n se reconfigura la estaci\u00f3n transformadora, que actualmente es de 33 kilovolt va a pasar a ser de 132, va a hacer que opere en alta tensi\u00f3n y con mayor capacidad de distribuci\u00f3n de energ\u00eda el\u00e9ctrica y, en casos de contingencia, para alimentar a otros puntos. El actual equipo estaba llegando al margen de los 85-90% de la demanda pico de saturaci\u00f3n, al l\u00edmite de su m\u00e1xima capacidad, esto hace tener una mayor holgadez para el verano, y una mayor capacidad de maniobra\u201d.<br \/>\n\u201cEs una inversi\u00f3n de $587 millones, es muy importante destacar esto porque estamos en un escenario muy dif\u00edcil, la variaci\u00f3n del d\u00f3lar al adquirir estos equipos es un gran desaf\u00edo, y finalmente est\u00e1 llegando\u201d, resalt\u00f3 Blanquet, y sostuvo que \u201ctambi\u00e9n estamos finalizando cuatro a\u00f1os de gesti\u00f3n con 20 estaciones transformadoras repotenciadas en la provincia en 33 kv, y esta pasa a ser la N 5. De aqu\u00ed abarca Fontana, parte de Puerto Tirol y parte del centro de Resistencia, con la nueva repotenciaci\u00f3n, esa va a ser la posibilidad de alimentar distintos puntos, y en baja distribuci\u00f3n, va a poder duplicar su capacidad de abarcar\u201d.<br \/>\n\u201cEsto es mayor inversi\u00f3n, mayor refuerzo al sistema el\u00e9ctrico, mayor calidad del servicio, hace que en caso de contingencia, grandes cortes, podamos tener la capacidad de alimentar de otro punto por la holgadez que pasa a tener este centro al ser repotenciado en su doble de capacidad\u201d, indic\u00f3, y marc\u00f3 que \u201cse ha reforzado el sistema el\u00e9ctrico para los pr\u00f3ximos 5 a\u00f1os. La semana que viene estamos repotenciando la ciudad de Pampa del Infierno, con un transformador del doble de su capacidad, que tambi\u00e9n va a beneficiar a la localidad de Los Frentones, y obviamente ya terminamos la planificaci\u00f3n de obras de lo que se refiere en este tipo de envergaduras al 2023\u201d.<\/p>\n<p>\u201cTenemos proyecci\u00f3n del servicio para los pr\u00f3ximos 5 a\u00f1os\u201d<br \/>\nPor otro lado, el presidente de Secheep anticip\u00f3 que \u201cel Gobierno Provincial no tiene planificado un aumento en los pr\u00f3ximos meses, es dif\u00edcil, porque hay un a\u00f1o y medio de retraso real\u201d, y se\u00f1al\u00f3 que \u201ces importante destacar que las obras que se hicieron en estos 4 a\u00f1os son important\u00edsimas, y tenemos proyecci\u00f3n del servicio para los pr\u00f3ximos 5 a\u00f1os, que deben seguir siendo acompa\u00f1adas de inversiones para elevar la calidad del servicio\u201d.<br \/>\nRespecto de la transici\u00f3n con el nuevo Gobierno, Blanquet asegur\u00f3 que a\u00fan no hubo contactos con el posible nuevo equipo de gesti\u00f3n y que \u201cno nos han dicho quien es la persona asignada para la transici\u00f3n\u201d, sin embargo, se\u00f1al\u00f3 que \u201cestamos trabajando de forma ordenada para que las nuevas autoridades se presenten. Tenemos una planificaci\u00f3n que le queremos mostrar, porque nos interesa, no solamente la infraestructura, sino tambi\u00e9n que los ciudadanos tengan, a\u00f1o tras a\u00f1o, una empresa energ\u00e9tica m\u00e1s grande, m\u00e1s robusta, con mayor capacidad para el crecimiento\u201d.<\/p><\/div>\n","protected":false},"excerpt":{"rendered":"<p>Esto servir\u00e1 para mitigar las dificultades en el verano y se suma a un plan de fortalecimiento energ\u00e9tico proyectado para los pr\u00f3ximos cinco a\u00f1os. Este lunes lleg\u00f3 al Centro de Distribuci\u00f3n N\u00b0 17 que se encuentra en la localidad de Fontana un transformador de potencia de 30 MVA que ser\u00e1 incorporado al Sistema El\u00e9ctrico del [&hellip;]<\/p>\n","protected":false},"author":1,"featured_media":27820,"comment_status":"closed","ping_status":"closed","sticky":false,"template":"","format":"standard","meta":{"footnotes":""},"categories":[6],"tags":[],"class_list":{"0":"post-27819","1":"post","2":"type-post","3":"status-publish","4":"format-standard","5":"has-post-thumbnail","7":"category-chaco"},"_links":{"self":[{"href":"https:\/\/chacosintesis.com.ar\/index.php\/wp-json\/wp\/v2\/posts\/27819","targetHints":{"allow":["GET"]}}],"collection":[{"href":"https:\/\/chacosintesis.com.ar\/index.php\/wp-json\/wp\/v2\/posts"}],"about":[{"href":"https:\/\/chacosintesis.com.ar\/index.php\/wp-json\/wp\/v2\/types\/post"}],"author":[{"embeddable":true,"href":"https:\/\/chacosintesis.com.ar\/index.php\/wp-json\/wp\/v2\/users\/1"}],"replies":[{"embeddable":true,"href":"https:\/\/chacosintesis.com.ar\/index.php\/wp-json\/wp\/v2\/comments?post=27819"}],"version-history":[{"count":0,"href":"https:\/\/chacosintesis.com.ar\/index.php\/wp-json\/wp\/v2\/posts\/27819\/revisions"}],"wp:featuredmedia":[{"embeddable":true,"href":"https:\/\/chacosintesis.com.ar\/index.php\/wp-json\/wp\/v2\/media\/27820"}],"wp:attachment":[{"href":"https:\/\/chacosintesis.com.ar\/index.php\/wp-json\/wp\/v2\/media?parent=27819"}],"wp:term":[{"taxonomy":"category","embeddable":true,"href":"https:\/\/chacosintesis.com.ar\/index.php\/wp-json\/wp\/v2\/categories?post=27819"},{"taxonomy":"post_tag","embeddable":true,"href":"https:\/\/chacosintesis.com.ar\/index.php\/wp-json\/wp\/v2\/tags?post=27819"}],"curies":[{"name":"wp","href":"https:\/\/api.w.org\/{rel}","templated":true}]}}