{"id":27817,"date":"2023-10-10T18:26:42","date_gmt":"2023-10-10T21:26:42","guid":{"rendered":"https:\/\/chacosintesis.com.ar\/?p=27817"},"modified":"2023-10-10T18:37:15","modified_gmt":"2023-10-10T21:37:15","slug":"zdero-y-la-fundacion-alem-abordaron-temas-de-economia-educacion-trabajo-politicas-sociales-salud-y-federalismo","status":"publish","type":"post","link":"https:\/\/chacosintesis.com.ar\/index.php\/zdero-y-la-fundacion-alem-abordaron-temas-de-economia-educacion-trabajo-politicas-sociales-salud-y-federalismo\/","title":{"rendered":"Zdero y la Fundaci\u00f3n Alem abordaron temas de econom\u00eda, educaci\u00f3n, trabajo, pol\u00edticas sociales, salud y federalismo"},"content":{"rendered":"<div class=\"postie-post\">El gobernador electo Leandro Zdero, fue recibido en la Ciudad Aut\u00f3noma de Buenos Aires (CABA) por el presidente de la Fundaci\u00f3n Alem de la Uni\u00f3n C\u00edvica Radical, Agust\u00edn Campero y por los coordinadores t\u00e9cnicos que tambi\u00e9n integran los equipos de Juntos por el Cambio en la Argentina. \u201cMuy agradecido con la Fundaci\u00f3n Alem por recibirme y poder abordar temas vinculados a econom\u00eda, educaci\u00f3n, trabajo, pol\u00edticas sociales, salud y federalismo, entre otros. Siempre es muy positivo concretar estos encuentros que nos ayudan a seguir construyendo un Chaco de futuro y de oportunidades para los pr\u00f3ximos a\u00f1os\u201d, indic\u00f3 Zdero.<br \/>\nA su vez, se mostr\u00f3 muy conforme por esta reuni\u00f3n con la Fundaci\u00f3n Alem en CABA porque \u201ctrabajamos fuertemente en nuestro plan y estamos preparados para asumir\u201d. \u201cVamos a recuperar el campo; a generar trabajo, a fortalecer el sistema de salud, a ocuparnos de la seguridad, a jerarquizar la educaci\u00f3n y a cambiar definitivamente la historia en el Chaco entre todos\u201d, cerr\u00f3.<br \/>\nAcompa\u00f1aron al presidente de la Fundaci\u00f3n Alem, Agust\u00edn Campero; M\u00f3nica Marquina, doctora en Educaci\u00f3n Superior y licenciada en Ciencias de la Educaci\u00f3n (UBA, Argentina); Fabio Quetglas, diputado nacional por Buenos Aires (UCR-Juntos por el Cambio), abogado (UBA); Maximiliano Castillo Carrillo, Economista, Integra los equipos econ\u00f3micos de la Fundaci\u00f3n Alem; Alejandro Einstoss, licenciado en Econom\u00eda, Especialista y Consultor en Energ\u00eda y Servicios P\u00fablicos, Coordinador e investigador de proyectos para el desarrollo UBA-CONICET y Jes\u00fas Rodr\u00edguez, actual presidente de la Auditor\u00eda General de la Naci\u00f3n y Prosecretario de la Fundaci\u00f3n Alem, con vasta experiencia en el campo de las pol\u00edticas p\u00fablicas.<\/div>\n","protected":false},"excerpt":{"rendered":"<p>El gobernador electo Leandro Zdero, fue recibido en la Ciudad Aut\u00f3noma de Buenos Aires (CABA) por el presidente de la Fundaci\u00f3n Alem de la Uni\u00f3n C\u00edvica Radical, Agust\u00edn Campero y por los coordinadores t\u00e9cnicos que tambi\u00e9n integran los equipos de Juntos por el Cambio en la Argentina. \u201cMuy agradecido con la Fundaci\u00f3n Alem por recibirme [&hellip;]<\/p>\n","protected":false},"author":1,"featured_media":27818,"comment_status":"closed","ping_status":"closed","sticky":false,"template":"","format":"standard","meta":{"footnotes":""},"categories":[6],"tags":[],"class_list":{"0":"post-27817","1":"post","2":"type-post","3":"status-publish","4":"format-standard","5":"has-post-thumbnail","7":"category-chaco"},"_links":{"self":[{"href":"https:\/\/chacosintesis.com.ar\/index.php\/wp-json\/wp\/v2\/posts\/27817","targetHints":{"allow":["GET"]}}],"collection":[{"href":"https:\/\/chacosintesis.com.ar\/index.php\/wp-json\/wp\/v2\/posts"}],"about":[{"href":"https:\/\/chacosintesis.com.ar\/index.php\/wp-json\/wp\/v2\/types\/post"}],"author":[{"embeddable":true,"href":"https:\/\/chacosintesis.com.ar\/index.php\/wp-json\/wp\/v2\/users\/1"}],"replies":[{"embeddable":true,"href":"https:\/\/chacosintesis.com.ar\/index.php\/wp-json\/wp\/v2\/comments?post=27817"}],"version-history":[{"count":0,"href":"https:\/\/chacosintesis.com.ar\/index.php\/wp-json\/wp\/v2\/posts\/27817\/revisions"}],"wp:featuredmedia":[{"embeddable":true,"href":"https:\/\/chacosintesis.com.ar\/index.php\/wp-json\/wp\/v2\/media\/27818"}],"wp:attachment":[{"href":"https:\/\/chacosintesis.com.ar\/index.php\/wp-json\/wp\/v2\/media?parent=27817"}],"wp:term":[{"taxonomy":"category","embeddable":true,"href":"https:\/\/chacosintesis.com.ar\/index.php\/wp-json\/wp\/v2\/categories?post=27817"},{"taxonomy":"post_tag","embeddable":true,"href":"https:\/\/chacosintesis.com.ar\/index.php\/wp-json\/wp\/v2\/tags?post=27817"}],"curies":[{"name":"wp","href":"https:\/\/api.w.org\/{rel}","templated":true}]}}