{"id":27811,"date":"2023-10-10T18:19:25","date_gmt":"2023-10-10T21:19:25","guid":{"rendered":"https:\/\/chacosintesis.com.ar\/?p=27811"},"modified":"2023-10-10T18:37:06","modified_gmt":"2023-10-10T21:37:06","slug":"la-astronor-dicta-un-curso-basico-de-astronomia-en-el-cecual","status":"publish","type":"post","link":"https:\/\/chacosintesis.com.ar\/index.php\/la-astronor-dicta-un-curso-basico-de-astronomia-en-el-cecual\/","title":{"rendered":"La Astronor dicta un curso b\u00e1sico de Astronom\u00eda en el Cecual"},"content":{"rendered":"<div class=\"postie-post\">Pueden inscribirse docentes, bibliotecarios y cualquier persona interesada mayor de 16 a\u00f1os. Cuenta con Resoluci\u00f3n del Ministerio de Educaci\u00f3n, Ciencia y Tecnolog\u00eda de forma que las y los docentes, obtendr\u00e1n un certificado para presentar en la Junta de Clasificaci\u00f3n correspondiente.<br \/>\nEste martes 17 de octubre a las 19, en el Centro Cultural Alternativo (Santa Mar\u00eda de Oro 471) del Instituto de Cultura del Chaco, comenzar\u00e1 el Curso B\u00e1sico de Astronom\u00eda de Astronor (Asociaci\u00f3n Civil de Astronom\u00eda de Resistencia), un recorrido por todos los temas b\u00e1sicos de esta ciencia: esfera celeste, astronom\u00eda de posici\u00f3n, relojes de sol, sistema solar, instrumentos y gu\u00edas para la observaci\u00f3n, astrof\u00edsica y cosmolog\u00eda, entre otros.<br \/>\nSer\u00e1n 6 encuentros semanales de aproximadamente tres horas, que se desarrollar\u00e1n los martes en la casa cecualera. Los docentes son David Gamarra y Marcelo Serezo.<br \/>\nEl curso apunta a docentes, bibliotecarios y cualquier persona interesada mayor de 16 a\u00f1os. Cuenta con Resoluci\u00f3n del Ministerio de Educaci\u00f3n, Ciencia y Tecnolog\u00eda de forma que las y los docentes obtendr\u00e1n un certificado para presentar en la Junta de Clasificaci\u00f3n correspondiente.<br \/>\nSe puede acceder al programa completo del curso en el siguiente enlace: <a href=\"https:\/\/drive.google.com\/file\/d\/1GxMrcnYustsBnAAhlsSOyXzK7phRyUox\/view?usp=sharing\">drive.google.com\/file\/d\/1GxMrcnYustsBnAAhlsSOyXzK7phRyUox\/view?usp=sharing<\/a><br \/>\nEl costo de la capacitaci\u00f3n es un \u00fanico pago de $3.200.<br \/>\nLa inscripci\u00f3n se realiza completando el siguiente formulario: <a href=\"https:\/\/docs.google.com\/forms\/d\/e\/1FAIpQLSdBaYHslI5YM8XED084GrTlKMqM9iXB6gQ0NSpjZOWLSLpHug\/viewform\">docs.google.com\/forms\/d\/e\/1FAIpQLSdBaYHslI5YM8XED084GrTlKMqM9iXB6gQ0NSpjZOWLSLpHug\/viewform<\/a><br \/>\nPara cualquier otra consulta se puede escribir al mail <a href=\"mailto:astronomiaderesistencia@hotmail.com.ar\">astronomiaderesistencia@hotmail.com.ar<\/a> o a los tel\u00e9fonos 3624316246 y 3624754907.<br \/>\nSobre la capacitaci\u00f3n<br \/>\nEste curso es el resultado de uno de los proyectos de trabajo desarrollado dentro de las actividades de los miembros de la Astronor (Asociaci\u00f3n Civil de Astronom\u00eda de Resistencia), un equipo de socios entregados a la divulgaci\u00f3n y ense\u00f1anza de esta ciencia que tiene como foco de inter\u00e9s, servir de apoyo al conocimiento de la mec\u00e1nica celeste y el uso de instrumentos de observaci\u00f3n.<br \/>\nElaborado en 2019 para alumnos universitarios de UTN y p\u00fablico en general, la mayor parte de los textos, figuras y animaciones son obra de exhaustivas lecturas y pr\u00e1cticas astron\u00f3micas.<br \/>\nEs el fruto de m\u00e1s de 10 a\u00f1os de trabajo, talleres, observaciones telesc\u00f3picas, difusi\u00f3n en medios de comunicaci\u00f3n y actualizaci\u00f3n de conocimientos en forma constante.<br \/>\nLos disertantes ense\u00f1an Astronom\u00eda a trav\u00e9s de cursos, talleres y charlas astron\u00f3micas para estudiantes primarios, secundarios y universitarios, y publicamos diferentes temas astron\u00f3micos que se pueden encontrar en su red social Facebook: AstronoR.<\/div>\n","protected":false},"excerpt":{"rendered":"<p>Pueden inscribirse docentes, bibliotecarios y cualquier persona interesada mayor de 16 a\u00f1os. Cuenta con Resoluci\u00f3n del Ministerio de Educaci\u00f3n, Ciencia y Tecnolog\u00eda de forma que las y los docentes, obtendr\u00e1n un certificado para presentar en la Junta de Clasificaci\u00f3n correspondiente. Este martes 17 de octubre a las 19, en el Centro Cultural Alternativo (Santa Mar\u00eda [&hellip;]<\/p>\n","protected":false},"author":1,"featured_media":27812,"comment_status":"closed","ping_status":"closed","sticky":false,"template":"","format":"standard","meta":{"footnotes":""},"categories":[6],"tags":[],"class_list":{"0":"post-27811","1":"post","2":"type-post","3":"status-publish","4":"format-standard","5":"has-post-thumbnail","7":"category-chaco"},"_links":{"self":[{"href":"https:\/\/chacosintesis.com.ar\/index.php\/wp-json\/wp\/v2\/posts\/27811","targetHints":{"allow":["GET"]}}],"collection":[{"href":"https:\/\/chacosintesis.com.ar\/index.php\/wp-json\/wp\/v2\/posts"}],"about":[{"href":"https:\/\/chacosintesis.com.ar\/index.php\/wp-json\/wp\/v2\/types\/post"}],"author":[{"embeddable":true,"href":"https:\/\/chacosintesis.com.ar\/index.php\/wp-json\/wp\/v2\/users\/1"}],"replies":[{"embeddable":true,"href":"https:\/\/chacosintesis.com.ar\/index.php\/wp-json\/wp\/v2\/comments?post=27811"}],"version-history":[{"count":0,"href":"https:\/\/chacosintesis.com.ar\/index.php\/wp-json\/wp\/v2\/posts\/27811\/revisions"}],"wp:featuredmedia":[{"embeddable":true,"href":"https:\/\/chacosintesis.com.ar\/index.php\/wp-json\/wp\/v2\/media\/27812"}],"wp:attachment":[{"href":"https:\/\/chacosintesis.com.ar\/index.php\/wp-json\/wp\/v2\/media?parent=27811"}],"wp:term":[{"taxonomy":"category","embeddable":true,"href":"https:\/\/chacosintesis.com.ar\/index.php\/wp-json\/wp\/v2\/categories?post=27811"},{"taxonomy":"post_tag","embeddable":true,"href":"https:\/\/chacosintesis.com.ar\/index.php\/wp-json\/wp\/v2\/tags?post=27811"}],"curies":[{"name":"wp","href":"https:\/\/api.w.org\/{rel}","templated":true}]}}