{"id":27803,"date":"2023-10-10T18:09:26","date_gmt":"2023-10-10T21:09:26","guid":{"rendered":"https:\/\/chacosintesis.com.ar\/?p=27803"},"modified":"2023-10-10T18:36:54","modified_gmt":"2023-10-10T21:36:54","slug":"confirmaron-la-prision-preventiva-a-osmar-quintin-gomez","status":"publish","type":"post","link":"https:\/\/chacosintesis.com.ar\/index.php\/confirmaron-la-prision-preventiva-a-osmar-quintin-gomez\/","title":{"rendered":"Confirmaron la prisi\u00f3n preventiva a Osmar Quint\u00edn G\u00f3mez"},"content":{"rendered":"<div class=\"postie-post\">As\u00ed lo decidi\u00f3 el tribunal colegiado compuesto por H\u00e9ctor Geijo, Daniela Meiri\u00f1o y Virginia Ise a trav\u00e9s de la resoluci\u00f3n 167\/23 al rechazar el recurso de apelaci\u00f3n presentado por la defensa de G\u00f3mez.<br \/>\nLa C\u00e1mara de Apelaciones Criminal y Correccional confirm\u00f3 la prisi\u00f3n preventiva de Osmar Quint\u00edn G\u00f3mez en la causa 27.249\/2023-1 por abuso sexual,  cuya v\u00edctima es una trabajadora. La medida que fue dictada por el Equipo Fiscal N\u00ba 3 de Resistencia el 15 de agosto. As\u00ed lo decidi\u00f3 el tribunal colegido compuesto por H\u00e9ctor Geijo, Daniela Meiri\u00f1o y Virginia Ise a trav\u00e9s de la resoluci\u00f3n 167\/23 al rechazar el recurso de apelaci\u00f3n presentado por la defensa de G\u00f3mez contra el decreto de prisi\u00f3n preventiva firmado por la fiscal Rosana Soto. Adem\u00e1s, establecieron que los fundamentos de la resoluci\u00f3n ser\u00e1n le\u00eddos el 19 de octubre a las doce horas.<\/div>\n","protected":false},"excerpt":{"rendered":"<p>As\u00ed lo decidi\u00f3 el tribunal colegiado compuesto por H\u00e9ctor Geijo, Daniela Meiri\u00f1o y Virginia Ise a trav\u00e9s de la resoluci\u00f3n 167\/23 al rechazar el recurso de apelaci\u00f3n presentado por la defensa de G\u00f3mez. La C\u00e1mara de Apelaciones Criminal y Correccional confirm\u00f3 la prisi\u00f3n preventiva de Osmar Quint\u00edn G\u00f3mez en la causa 27.249\/2023-1 por abuso sexual, [&hellip;]<\/p>\n","protected":false},"author":1,"featured_media":27804,"comment_status":"closed","ping_status":"closed","sticky":false,"template":"","format":"standard","meta":{"footnotes":""},"categories":[6],"tags":[],"class_list":{"0":"post-27803","1":"post","2":"type-post","3":"status-publish","4":"format-standard","5":"has-post-thumbnail","7":"category-chaco"},"_links":{"self":[{"href":"https:\/\/chacosintesis.com.ar\/index.php\/wp-json\/wp\/v2\/posts\/27803","targetHints":{"allow":["GET"]}}],"collection":[{"href":"https:\/\/chacosintesis.com.ar\/index.php\/wp-json\/wp\/v2\/posts"}],"about":[{"href":"https:\/\/chacosintesis.com.ar\/index.php\/wp-json\/wp\/v2\/types\/post"}],"author":[{"embeddable":true,"href":"https:\/\/chacosintesis.com.ar\/index.php\/wp-json\/wp\/v2\/users\/1"}],"replies":[{"embeddable":true,"href":"https:\/\/chacosintesis.com.ar\/index.php\/wp-json\/wp\/v2\/comments?post=27803"}],"version-history":[{"count":0,"href":"https:\/\/chacosintesis.com.ar\/index.php\/wp-json\/wp\/v2\/posts\/27803\/revisions"}],"wp:featuredmedia":[{"embeddable":true,"href":"https:\/\/chacosintesis.com.ar\/index.php\/wp-json\/wp\/v2\/media\/27804"}],"wp:attachment":[{"href":"https:\/\/chacosintesis.com.ar\/index.php\/wp-json\/wp\/v2\/media?parent=27803"}],"wp:term":[{"taxonomy":"category","embeddable":true,"href":"https:\/\/chacosintesis.com.ar\/index.php\/wp-json\/wp\/v2\/categories?post=27803"},{"taxonomy":"post_tag","embeddable":true,"href":"https:\/\/chacosintesis.com.ar\/index.php\/wp-json\/wp\/v2\/tags?post=27803"}],"curies":[{"name":"wp","href":"https:\/\/api.w.org\/{rel}","templated":true}]}}