{"id":27793,"date":"2023-10-10T17:52:29","date_gmt":"2023-10-10T20:52:29","guid":{"rendered":"https:\/\/chacosintesis.com.ar\/?p=27793"},"modified":"2023-10-10T18:07:50","modified_gmt":"2023-10-10T21:07:50","slug":"en-el-primer-aniversario-del-polo-socioproductivo-se-presento-la-linea-trama-que-producira-blanqueria-chaquena","status":"publish","type":"post","link":"https:\/\/chacosintesis.com.ar\/index.php\/en-el-primer-aniversario-del-polo-socioproductivo-se-presento-la-linea-trama-que-producira-blanqueria-chaquena\/","title":{"rendered":"En el primer aniversario del Polo Socioproductivo, se present\u00f3 la l\u00ednea Trama, que producir\u00e1 blanquer\u00eda chaque\u00f1a"},"content":{"rendered":"<div class=\"postie-post\">Este proyecto implic\u00f3 una inversi\u00f3n de m\u00e1s de $2 millones de pesos. Producir\u00e1 13 productos de ropa de cama y ba\u00f1o, con capacitaci\u00f3n y maquinaria.<br \/>\nEn el marco del plan provincial Emprendedores Todxs, se lanza la l\u00ednea Trama, un proyecto del Polo Socioproductivo del Ministerio de Desarrollo Social, que permitir\u00e1 la producci\u00f3n de 13 productos de blanquer\u00eda con insumos y manos chaque\u00f1as. La inversi\u00f3n en este proyecto alcanza los $2.324.800, de los cuales $901.800 se destinaron a insumos como telas, hilos, tiza, papeles de molder\u00eda; m\u00e1s $873.000 en horarios de capacitadores y $550.000 en dise\u00f1o.<br \/>\nEsta l\u00ednea de producci\u00f3n chaque\u00f1a llega en el primer aniversario del Poloco Socioproductivo, un proyecto creado por la Resoluci\u00f3n Ministerial N\u00b0 4300\/21, que busca acompa\u00f1ar, fortalecer y consolidar proyectos autogestivos y\/o unidades socioproductivas del Chaco, a trav\u00e9s de la conformaci\u00f3n de espacios de trabajo colectivos, que incluyan capacitaci\u00f3n continua y asistencia t\u00e9cnica.<br \/>\nEste dispositivo busca generar puestos de trabajo, vinculando prioritariamente a titulares de otros programas sociales como el Programa Mirame (para personas en<br \/>\nsituaci\u00f3n de calle), el Hogar de Tr\u00e1nsito Eva Per\u00f3n (de mujeres en situaci\u00f3n de vulnerabilidad por violencia de G\u00e9nero), el Centro Preventivo de Consumos Problem\u00e1ticos, Renta M\u00ednima Progresiva (RMP), Potenciar Trabajo y trabajadores y trabajadoras de la econom\u00eda social residentes en barrios populares, personas que se encuentran en riesgo social (personas en situaci\u00f3n de calle, v\u00edctimas de violencia por motivos de g\u00e9nero, personas con consumos problem\u00e1ticos), titulares transferencias sociales directas nacionales, provinciales y municipales.<br \/>\nMar\u00eda P\u00eda Chiacchio Cavana, responsable de la cartera social, record\u00f3 que hoy es el D\u00eda Internacional de la Salud Mental y dijo que \u201csabemos de la importancia del trabajo para dignificar a las personas y sus familias y que claramente es un objetivo de este Polo estar al servicio de aquellos y aquellas que quiz\u00e1s de otra manera a condiciones de trabajo dignas\u201d. La funcionaria record\u00f3 que desde esta cartera se implementaron l\u00edneas de cr\u00e9dito para facilitar los recursos y la capacitaci\u00f3n de quienes necesitan tener espacios de trabajo adecuados para el desarrollo de su proyecto de vida. En este sentido, \u201cse plante\u00f3 la construcci\u00f3n de un m\u00ednimo de 10 polos socioproductivos para acompa\u00f1ar a estos proyectos de las familias, y agradecemos a Educaci\u00f3n que nos acompa\u00f1\u00f3 con la formaci\u00f3n profesional en oficios, especialmente en Est\u00e9tica, Carpinter\u00eda y Herrer\u00eda\u201d, enumer\u00f3 Chiacchio Cavana.<br \/>\nAcompa\u00f1aron a la ministra, la subsecretar\u00eda de Ni\u00f1ez, Adolescencia y Familia, Mar\u00eda Graciela Cavana; adem\u00e1s de miembros de la Comisi\u00f3n de Emergencia por Consumos Problem\u00e1ticos, equipos t\u00e9cnicos de la cartera social, equipo docente de Educaci\u00f3n y unidades productivas individuales y asociativas.<\/div>\n","protected":false},"excerpt":{"rendered":"<p>Este proyecto implic\u00f3 una inversi\u00f3n de m\u00e1s de $2 millones de pesos. Producir\u00e1 13 productos de ropa de cama y ba\u00f1o, con capacitaci\u00f3n y maquinaria. En el marco del plan provincial Emprendedores Todxs, se lanza la l\u00ednea Trama, un proyecto del Polo Socioproductivo del Ministerio de Desarrollo Social, que permitir\u00e1 la producci\u00f3n de 13 productos [&hellip;]<\/p>\n","protected":false},"author":1,"featured_media":27794,"comment_status":"closed","ping_status":"closed","sticky":false,"template":"","format":"standard","meta":{"footnotes":""},"categories":[6],"tags":[],"class_list":{"0":"post-27793","1":"post","2":"type-post","3":"status-publish","4":"format-standard","5":"has-post-thumbnail","7":"category-chaco"},"_links":{"self":[{"href":"https:\/\/chacosintesis.com.ar\/index.php\/wp-json\/wp\/v2\/posts\/27793","targetHints":{"allow":["GET"]}}],"collection":[{"href":"https:\/\/chacosintesis.com.ar\/index.php\/wp-json\/wp\/v2\/posts"}],"about":[{"href":"https:\/\/chacosintesis.com.ar\/index.php\/wp-json\/wp\/v2\/types\/post"}],"author":[{"embeddable":true,"href":"https:\/\/chacosintesis.com.ar\/index.php\/wp-json\/wp\/v2\/users\/1"}],"replies":[{"embeddable":true,"href":"https:\/\/chacosintesis.com.ar\/index.php\/wp-json\/wp\/v2\/comments?post=27793"}],"version-history":[{"count":0,"href":"https:\/\/chacosintesis.com.ar\/index.php\/wp-json\/wp\/v2\/posts\/27793\/revisions"}],"wp:featuredmedia":[{"embeddable":true,"href":"https:\/\/chacosintesis.com.ar\/index.php\/wp-json\/wp\/v2\/media\/27794"}],"wp:attachment":[{"href":"https:\/\/chacosintesis.com.ar\/index.php\/wp-json\/wp\/v2\/media?parent=27793"}],"wp:term":[{"taxonomy":"category","embeddable":true,"href":"https:\/\/chacosintesis.com.ar\/index.php\/wp-json\/wp\/v2\/categories?post=27793"},{"taxonomy":"post_tag","embeddable":true,"href":"https:\/\/chacosintesis.com.ar\/index.php\/wp-json\/wp\/v2\/tags?post=27793"}],"curies":[{"name":"wp","href":"https:\/\/api.w.org\/{rel}","templated":true}]}}