{"id":27785,"date":"2023-10-10T17:39:23","date_gmt":"2023-10-10T20:39:23","guid":{"rendered":"https:\/\/chacosintesis.com.ar\/?p=27785"},"modified":"2023-10-10T18:07:37","modified_gmt":"2023-10-10T21:07:37","slug":"mas-de-300-familias-del-pueblo-moqoit-recibieron-sus-titulos-de-tierras","status":"publish","type":"post","link":"https:\/\/chacosintesis.com.ar\/index.php\/mas-de-300-familias-del-pueblo-moqoit-recibieron-sus-titulos-de-tierras\/","title":{"rendered":"M\u00e1s de 300 familias del pueblo Moqoit recibieron sus t\u00edtulos de tierras"},"content":{"rendered":"<div class=\"postie-post\">En la zona, adem\u00e1s, se avanza con la planificaci\u00f3n de la construcci\u00f3n de viviendas y obras de infraestructura para un centro de salud, un club deportivo y un espacio verde para la preservaci\u00f3n de la flora.<br \/>\nEn San Bernardo, la ministra de Ambiente y Desarrollo Territorial Sostenible Marta Soneira junto al intendente Miguel Sotelo, hicieron entrega de documentos de adjudicaciones de tierras a 312 familias del pueblo Moqoit en la zona El Algarrobal. \u201cCelebramos este gran paso de reivindicaci\u00f3n a las familias moqoit de San Bernardo, adem\u00e1s de estar orgullosa de ser parte de un Gobierno que defiende y ha defendido el derecho y las garant\u00edas sociales para todos los chaque\u00f1os y chaque\u00f1as sin distinciones pol\u00edticas, de religi\u00f3n y de origen\u201d, expres\u00f3 la funcionaria provincial. Asimismo, la ministra manifest\u00f3 que, en esta zona, un predio de 26 hect\u00e1reas, se tiene planificado la construcci\u00f3n de viviendas, como as\u00ed tambi\u00e9n la ejecuci\u00f3n del club Moqoit, de un espacio verde preservando toda la flora y un Centro de Salud. \u201cDejamos huella y transformamos realidades que dignifican los pueblos; agradecemos el enorme equipo del municipio de San Bernardo y de la unidad ejecutora de tierras moqoit por el trabajo y compromiso realizado\u201d, remarc\u00f3. Asimismo, la titular de la cartera de Ambiente y Desarrollo Territorial Sostenible, agradeci\u00f3 \u201cal gobernador Jorge Capitanich y a la vicegobernadora Anal\u00eda Rach Quiroga por definir pol\u00edticas claras y concretas de justicia social y promover un Chaco inclusivo y sostenible\u201d, finaliz\u00f3 Soneira.<\/div>\n","protected":false},"excerpt":{"rendered":"<p>En la zona, adem\u00e1s, se avanza con la planificaci\u00f3n de la construcci\u00f3n de viviendas y obras de infraestructura para un centro de salud, un club deportivo y un espacio verde para la preservaci\u00f3n de la flora. En San Bernardo, la ministra de Ambiente y Desarrollo Territorial Sostenible Marta Soneira junto al intendente Miguel Sotelo, hicieron [&hellip;]<\/p>\n","protected":false},"author":1,"featured_media":27786,"comment_status":"closed","ping_status":"closed","sticky":false,"template":"","format":"standard","meta":{"footnotes":""},"categories":[6],"tags":[],"class_list":{"0":"post-27785","1":"post","2":"type-post","3":"status-publish","4":"format-standard","5":"has-post-thumbnail","7":"category-chaco"},"_links":{"self":[{"href":"https:\/\/chacosintesis.com.ar\/index.php\/wp-json\/wp\/v2\/posts\/27785","targetHints":{"allow":["GET"]}}],"collection":[{"href":"https:\/\/chacosintesis.com.ar\/index.php\/wp-json\/wp\/v2\/posts"}],"about":[{"href":"https:\/\/chacosintesis.com.ar\/index.php\/wp-json\/wp\/v2\/types\/post"}],"author":[{"embeddable":true,"href":"https:\/\/chacosintesis.com.ar\/index.php\/wp-json\/wp\/v2\/users\/1"}],"replies":[{"embeddable":true,"href":"https:\/\/chacosintesis.com.ar\/index.php\/wp-json\/wp\/v2\/comments?post=27785"}],"version-history":[{"count":0,"href":"https:\/\/chacosintesis.com.ar\/index.php\/wp-json\/wp\/v2\/posts\/27785\/revisions"}],"wp:featuredmedia":[{"embeddable":true,"href":"https:\/\/chacosintesis.com.ar\/index.php\/wp-json\/wp\/v2\/media\/27786"}],"wp:attachment":[{"href":"https:\/\/chacosintesis.com.ar\/index.php\/wp-json\/wp\/v2\/media?parent=27785"}],"wp:term":[{"taxonomy":"category","embeddable":true,"href":"https:\/\/chacosintesis.com.ar\/index.php\/wp-json\/wp\/v2\/categories?post=27785"},{"taxonomy":"post_tag","embeddable":true,"href":"https:\/\/chacosintesis.com.ar\/index.php\/wp-json\/wp\/v2\/tags?post=27785"}],"curies":[{"name":"wp","href":"https:\/\/api.w.org\/{rel}","templated":true}]}}