{"id":27781,"date":"2023-10-10T17:35:13","date_gmt":"2023-10-10T20:35:13","guid":{"rendered":"https:\/\/chacosintesis.com.ar\/?p=27781"},"modified":"2023-10-10T17:36:50","modified_gmt":"2023-10-10T20:36:50","slug":"la-legislatura-chaquena-busca-regular-las-colonias-de-vacaciones","status":"publish","type":"post","link":"https:\/\/chacosintesis.com.ar\/index.php\/la-legislatura-chaquena-busca-regular-las-colonias-de-vacaciones\/","title":{"rendered":"La Legislatura chaque\u00f1a busca regular las colonias de vacaciones"},"content":{"rendered":"<div class=\"postie-post\">Para incorporar profesionales a los natatorios.<br \/>\nLa comisi\u00f3n de Legislaci\u00f3n General Justicia y Seguridad  de la Legislatura chaque\u00f1a, analiza el Proyecto de Ley para la regulaci\u00f3n de las colonias de vacaciones. En este sentido, los diputados que la integran emitieron un despacho aconsejando la aprobaci\u00f3n de la iniciativa que tiene preferencia para este mi\u00e9rcoles.<br \/>\nEntre las modificaciones propuesta a la normativa vigente, la propuesta indica que la misma deber\u00e1 ser divulgada de manera obligatoria a fin de hacer conocer las obligaciones que deben cumplir las colonias de vacaciones al inicio de cada per\u00edodo de vacaciones de invierno y de verano, recordando la memoria de la ni\u00f1a Lourdes G\u00f3mez Chevalier, cuyo nombre adem\u00e1s se mencionar\u00e1 en la publicidad junto al n\u00famero y letra que identifica esta norma.<br \/>\nComo puntos que se anexan a la actual Ley se incorporan los conceptos del  Trabajador Guardavidas y de los Establecimiento con Ambiente acu\u00e1tico y determinar\u00e1 que aquellas Colonias de Vacaciones que cuenten con natatorios, deber\u00e1n tener profesionales con el t\u00edtulo de guardavidas debidamente registrado ante la autoridad competente.<br \/>\nLa reuni\u00f3n fue presidida por la diputada Clara P\u00e9rez Otaz\u00fa y cont\u00f3 con el qu\u00f3rum de sus pares Nicol\u00e1s Slimel, Jessica Ayala, D\u00e9bora Cardozo, Tere Cubells, Silvina Canteros Reiser y Juan Jos\u00e9 Bergia, durante la cual se emiti\u00f3 dictamen un\u00e1nime al proyecto de Ley que busca introducir una modificaci\u00f3n al r\u00e9gimen de Tr\u00e1nsito de la provincia.<br \/>\nLa iniciativa promovida por la presidenta del Poder Legislativo, Elida Cuesta junto a sus pares Claudia Panzardi y Nicol\u00e1s Slimel, se pretende extender la \u201ctolerancia cero\u201d al consumo de alcohol en la conducci\u00f3n de cualquier veh\u00edculo que se incorpore al tr\u00e1nsito en la provincia, quedando comprendidos los veh\u00edculos a motor, las bicicletas y\/o cualquier otro que en un futuro se incorpore.<br \/>\nPor otra parte, al analizar la iniciativa que parti\u00f3 de los legisladores Nicol\u00e1s Slimel y Roberto Acosta, se emiti\u00f3 un despacho favorable pasando para su tratamiento en el a comisi\u00f3n de Hacienda y Presupuesto, el proyecto que impulsa la creaci\u00f3n, en el \u00e1mbito del Ministerio P\u00fablico Fiscal, de la Oficina Estrat\u00e9gica de Litigaci\u00f3n Oral, la cual tendr\u00e1 como funci\u00f3n principal ser un \u00f3rgano de asistencia y colaboraci\u00f3n a los\/las fiscales en la preparaci\u00f3n y desarrollo de Juicios por Jurados, Juicio Oral de causas judiciales complejas o de relevancia institucional y\/o aquellas causas que por razones de pol\u00edtica criminal lo aconsejen.<\/div>\n","protected":false},"excerpt":{"rendered":"<p>Para incorporar profesionales a los natatorios. La comisi\u00f3n de Legislaci\u00f3n General Justicia y Seguridad de la Legislatura chaque\u00f1a, analiza el Proyecto de Ley para la regulaci\u00f3n de las colonias de vacaciones. En este sentido, los diputados que la integran emitieron un despacho aconsejando la aprobaci\u00f3n de la iniciativa que tiene preferencia para este mi\u00e9rcoles. Entre [&hellip;]<\/p>\n","protected":false},"author":1,"featured_media":27782,"comment_status":"closed","ping_status":"closed","sticky":false,"template":"","format":"standard","meta":{"footnotes":""},"categories":[6],"tags":[],"class_list":{"0":"post-27781","1":"post","2":"type-post","3":"status-publish","4":"format-standard","5":"has-post-thumbnail","7":"category-chaco"},"_links":{"self":[{"href":"https:\/\/chacosintesis.com.ar\/index.php\/wp-json\/wp\/v2\/posts\/27781","targetHints":{"allow":["GET"]}}],"collection":[{"href":"https:\/\/chacosintesis.com.ar\/index.php\/wp-json\/wp\/v2\/posts"}],"about":[{"href":"https:\/\/chacosintesis.com.ar\/index.php\/wp-json\/wp\/v2\/types\/post"}],"author":[{"embeddable":true,"href":"https:\/\/chacosintesis.com.ar\/index.php\/wp-json\/wp\/v2\/users\/1"}],"replies":[{"embeddable":true,"href":"https:\/\/chacosintesis.com.ar\/index.php\/wp-json\/wp\/v2\/comments?post=27781"}],"version-history":[{"count":0,"href":"https:\/\/chacosintesis.com.ar\/index.php\/wp-json\/wp\/v2\/posts\/27781\/revisions"}],"wp:featuredmedia":[{"embeddable":true,"href":"https:\/\/chacosintesis.com.ar\/index.php\/wp-json\/wp\/v2\/media\/27782"}],"wp:attachment":[{"href":"https:\/\/chacosintesis.com.ar\/index.php\/wp-json\/wp\/v2\/media?parent=27781"}],"wp:term":[{"taxonomy":"category","embeddable":true,"href":"https:\/\/chacosintesis.com.ar\/index.php\/wp-json\/wp\/v2\/categories?post=27781"},{"taxonomy":"post_tag","embeddable":true,"href":"https:\/\/chacosintesis.com.ar\/index.php\/wp-json\/wp\/v2\/tags?post=27781"}],"curies":[{"name":"wp","href":"https:\/\/api.w.org\/{rel}","templated":true}]}}