{"id":27779,"date":"2023-10-10T17:33:25","date_gmt":"2023-10-10T20:33:25","guid":{"rendered":"https:\/\/chacosintesis.com.ar\/?p=27779"},"modified":"2023-10-10T17:36:47","modified_gmt":"2023-10-10T20:36:47","slug":"directivas-del-banco-mundial-recibieron-a-leandro-zdero","status":"publish","type":"post","link":"https:\/\/chacosintesis.com.ar\/index.php\/directivas-del-banco-mundial-recibieron-a-leandro-zdero\/","title":{"rendered":"Directivas del Banco Mundial recibieron a Leandro Zdero"},"content":{"rendered":"<div class=\"postie-post\">Leandro Zdero, gobernador electo del Chaco, fue recibido en la Ciudad Aut\u00f3noma de Buenos Aires por Marianne Fay, directora del Banco Mundial para Argentina, Paraguay y Uruguay. \u201cMuy agradecido por esta recepci\u00f3n y con la voluntad de trabajar en conjunto para el desarrollo de nuevos proyectos que se centrar\u00e1n en \u00e1reas sensibles como la reducci\u00f3n de la pobreza; la promoci\u00f3n del desarrollo sostenible; el fortalecimiento de la resiliencia al cambio clim\u00e1tico como as\u00ed tambi\u00e9n, trabajar sobre las hist\u00f3ricas l\u00edneas de acci\u00f3n del Banco Mundial\u201d, indic\u00f3 Zdero. En el marco de esta reuni\u00f3n, realizada ayer por la tarde, Zdero agreg\u00f3: \u201cseguimos comprometidos fuertemente para que el Chaco sea la provincia del desarrollo y del crecimiento; con mucha responsabilidad, trabajando con convicci\u00f3n y de esa manera, transformar d\u00eda a d\u00eda nuestra provincia con oportunidades y futuro\u201d. Cabe destacar que Marianne Fay, quien es experta en Desarrollo Sostenible, estuvo acompa\u00f1ada adem\u00e1s por el Gerente de Operaciones para Argentina, Paraguay y Uruguay del Banco Mundial, el Sr. Paul Procee y por la Especialista Senior en Infraestructura en la Pr\u00e1ctica Global de Transporte y Desarrollo Digital, Dra. Ver\u00f3nica Raffo. Los funcionarios del Banco Mundial se mostraron dispuestos a conocer a\u00fan m\u00e1s la realidad de la provincia del Chaco para evaluar junto a Zdero las posibles l\u00edneas de acciones que le permitan la obtenci\u00f3n del financiamiento de obras y programas tendientes a mejorar la calidad de vida de los chaque\u00f1os.<\/div>\n","protected":false},"excerpt":{"rendered":"<p>Leandro Zdero, gobernador electo del Chaco, fue recibido en la Ciudad Aut\u00f3noma de Buenos Aires por Marianne Fay, directora del Banco Mundial para Argentina, Paraguay y Uruguay. \u201cMuy agradecido por esta recepci\u00f3n y con la voluntad de trabajar en conjunto para el desarrollo de nuevos proyectos que se centrar\u00e1n en \u00e1reas sensibles como la reducci\u00f3n [&hellip;]<\/p>\n","protected":false},"author":1,"featured_media":27780,"comment_status":"closed","ping_status":"closed","sticky":false,"template":"","format":"standard","meta":{"footnotes":""},"categories":[6],"tags":[],"class_list":{"0":"post-27779","1":"post","2":"type-post","3":"status-publish","4":"format-standard","5":"has-post-thumbnail","7":"category-chaco"},"_links":{"self":[{"href":"https:\/\/chacosintesis.com.ar\/index.php\/wp-json\/wp\/v2\/posts\/27779","targetHints":{"allow":["GET"]}}],"collection":[{"href":"https:\/\/chacosintesis.com.ar\/index.php\/wp-json\/wp\/v2\/posts"}],"about":[{"href":"https:\/\/chacosintesis.com.ar\/index.php\/wp-json\/wp\/v2\/types\/post"}],"author":[{"embeddable":true,"href":"https:\/\/chacosintesis.com.ar\/index.php\/wp-json\/wp\/v2\/users\/1"}],"replies":[{"embeddable":true,"href":"https:\/\/chacosintesis.com.ar\/index.php\/wp-json\/wp\/v2\/comments?post=27779"}],"version-history":[{"count":0,"href":"https:\/\/chacosintesis.com.ar\/index.php\/wp-json\/wp\/v2\/posts\/27779\/revisions"}],"wp:featuredmedia":[{"embeddable":true,"href":"https:\/\/chacosintesis.com.ar\/index.php\/wp-json\/wp\/v2\/media\/27780"}],"wp:attachment":[{"href":"https:\/\/chacosintesis.com.ar\/index.php\/wp-json\/wp\/v2\/media?parent=27779"}],"wp:term":[{"taxonomy":"category","embeddable":true,"href":"https:\/\/chacosintesis.com.ar\/index.php\/wp-json\/wp\/v2\/categories?post=27779"},{"taxonomy":"post_tag","embeddable":true,"href":"https:\/\/chacosintesis.com.ar\/index.php\/wp-json\/wp\/v2\/tags?post=27779"}],"curies":[{"name":"wp","href":"https:\/\/api.w.org\/{rel}","templated":true}]}}