{"id":27775,"date":"2023-10-10T09:50:42","date_gmt":"2023-10-10T12:50:42","guid":{"rendered":"https:\/\/chacosintesis.com.ar\/?p=27775"},"modified":"2023-10-10T10:06:56","modified_gmt":"2023-10-10T13:06:56","slug":"el-gobernador-electo-de-chaco-leandro-zdero-fue-recibido-por-el-bnaco-mundial","status":"publish","type":"post","link":"https:\/\/chacosintesis.com.ar\/index.php\/el-gobernador-electo-de-chaco-leandro-zdero-fue-recibido-por-el-bnaco-mundial\/","title":{"rendered":"El gobernador electo de Chaco Leandro Zdero fue recibido por el Bnaco Mundial"},"content":{"rendered":"<div class=\"postie-post\">Leandro Zdero, gobernador electo del Chaco, fue recibido en la Ciudad Aut\u00f3noma de Buenos Aires por Marianne Fay, directora del Banco Mundial para Argentina, Paraguay y Uruguay. \u201cMuy agradecido por esta recepci\u00f3n y con la voluntad de trabajar en conjunto para el desarrollo de nuevos proyectos que se centrar\u00e1n en \u00e1reas sensibles como la reducci\u00f3n de la pobreza; la promoci\u00f3n del desarrollo sostenible; el fortalecimiento de la resiliencia al cambio clim\u00e1tico como as\u00ed tambi\u00e9n, trabajar sobre las hist\u00f3ricas l\u00edneas de acci\u00f3n del Banco Mundial\u201d &#8211; indic\u00f3 Zdero.<br \/>\nEn el marco de esta reuni\u00f3n, realizada ayer por la tarde, Zdero agreg\u00f3: \u201cseguimos comprometidos fuertemente para que el Chaco sea la provincia del desarrollo y del crecimiento; con mucha responsabilidad, trabajando con convicci\u00f3n y de esa manera, transformar d\u00eda a d\u00eda nuestra provincia con oportunidades y futuro\u201d.<br \/>\nCabe destacar que Marianne Fay, quien es experta en Desarrollo Sostenible, estuvo acompa\u00f1ada adem\u00e1s por el Gerente de Operaciones para Argentina, Paraguay y Uruguay del Banco Mundial, el Sr. Paul Procee y por la Especialista Senior en Infraestructura en la Pr\u00e1ctica Global de Transporte y Desarrollo Digital, Dra. Ver\u00f3nica Raffo. Los funcionarios del Banco Mundial se mostraron dispuestos a conocer a\u00fan m\u00e1s la realidad de la provincia del Chaco para evaluar junto a Zdero las posibles l\u00edneas de acciones que le permitan la obtenci\u00f3n del financiamiento de obras y programas tendientes a mejorar la calidad de vida de los chaque\u00f1os.<\/div>\n","protected":false},"excerpt":{"rendered":"<p>Leandro Zdero, gobernador electo del Chaco, fue recibido en la Ciudad Aut\u00f3noma de Buenos Aires por Marianne Fay, directora del Banco Mundial para Argentina, Paraguay y Uruguay. \u201cMuy agradecido por esta recepci\u00f3n y con la voluntad de trabajar en conjunto para el desarrollo de nuevos proyectos que se centrar\u00e1n en \u00e1reas sensibles como la reducci\u00f3n [&hellip;]<\/p>\n","protected":false},"author":1,"featured_media":27776,"comment_status":"closed","ping_status":"closed","sticky":false,"template":"","format":"standard","meta":{"footnotes":""},"categories":[6],"tags":[],"class_list":{"0":"post-27775","1":"post","2":"type-post","3":"status-publish","4":"format-standard","5":"has-post-thumbnail","7":"category-chaco"},"_links":{"self":[{"href":"https:\/\/chacosintesis.com.ar\/index.php\/wp-json\/wp\/v2\/posts\/27775","targetHints":{"allow":["GET"]}}],"collection":[{"href":"https:\/\/chacosintesis.com.ar\/index.php\/wp-json\/wp\/v2\/posts"}],"about":[{"href":"https:\/\/chacosintesis.com.ar\/index.php\/wp-json\/wp\/v2\/types\/post"}],"author":[{"embeddable":true,"href":"https:\/\/chacosintesis.com.ar\/index.php\/wp-json\/wp\/v2\/users\/1"}],"replies":[{"embeddable":true,"href":"https:\/\/chacosintesis.com.ar\/index.php\/wp-json\/wp\/v2\/comments?post=27775"}],"version-history":[{"count":0,"href":"https:\/\/chacosintesis.com.ar\/index.php\/wp-json\/wp\/v2\/posts\/27775\/revisions"}],"wp:featuredmedia":[{"embeddable":true,"href":"https:\/\/chacosintesis.com.ar\/index.php\/wp-json\/wp\/v2\/media\/27776"}],"wp:attachment":[{"href":"https:\/\/chacosintesis.com.ar\/index.php\/wp-json\/wp\/v2\/media?parent=27775"}],"wp:term":[{"taxonomy":"category","embeddable":true,"href":"https:\/\/chacosintesis.com.ar\/index.php\/wp-json\/wp\/v2\/categories?post=27775"},{"taxonomy":"post_tag","embeddable":true,"href":"https:\/\/chacosintesis.com.ar\/index.php\/wp-json\/wp\/v2\/tags?post=27775"}],"curies":[{"name":"wp","href":"https:\/\/api.w.org\/{rel}","templated":true}]}}