{"id":27773,"date":"2023-10-10T08:10:44","date_gmt":"2023-10-10T11:10:44","guid":{"rendered":"https:\/\/chacosintesis.com.ar\/?p=27773"},"modified":"2023-10-10T08:36:46","modified_gmt":"2023-10-10T11:36:46","slug":"resistencia-esta-muy-grave-quiso-robar-cable-y-sufrio-una-descarga-electrica","status":"publish","type":"post","link":"https:\/\/chacosintesis.com.ar\/index.php\/resistencia-esta-muy-grave-quiso-robar-cable-y-sufrio-una-descarga-electrica\/","title":{"rendered":"Resistencia: Est\u00e1 muy grave: quiso robar cable y sufri\u00f3 una descarga el\u00e9ctrica"},"content":{"rendered":"<div class=\"postie-post\">Un muchacho que se encontraba arriba de un poste con aparente intenciones de robar cable recibi\u00f3 una descarga y lucha por su vida.<br \/>\n Un joven lucha por su vida luego de sufrir una descarga el\u00e9ctrica en calle Juan de Rosas al 3000.<\/p>\n<p> De acuerdo a fuentes policiales, el hecho sucedi\u00f3 ayer por la tarde en la jurisdicci\u00f3n de la comisar\u00eda D\u00e9cima de Resistencia. Las primeras averiguaciones por aporte de testigos, el lesionado habr\u00eda intentado robar cables de electricidad, modalidad que crece a diario en la capital chaque\u00f1a.<br \/>\nLas autoridades policiales indicaron que la persona herida tiene 26 a\u00f1os y reside en Villa R\u00edo Negro.<br \/>\nEl joven fue asistido en el lugar por personal m\u00e9dico de salud p\u00fablica, y debido al grave cuadro debi\u00f3 ser trasladado de urgencia al Hospital Julio C. Perrando. &#8220;Gran quemado&#8221; es el parte emitido anoche por los facultativos y la causa se tramita ante el fiscal en turno Francisco de Obald\u00eda Eyseric. Por otro lado, en el lugar, se realizaron pericias a cargo de personal del Gabinete Cient\u00edfico<br \/>\nUn video publicado por usuarios de redes sociales, muestran el momento posterior a la descarga de electrocuci\u00f3n que sufri\u00f3 Gim\u00e9nez, quien malherido estaba en el piso, y ped\u00eda a los polic\u00edas que arribaron a la escena, que por favor llamen a sus padres.<br \/>\nSin rastros de los amigos desaparecidos<br \/>\nSiguen los rastrillajes en el r\u00edo Paran\u00e1 para hallar a los amigos que salieron a navegar en una canoa y que habr\u00eda sido embestida por una barcaza.<br \/>\nCon la participaci\u00f3n de diferentes unidades especiales y la Prefectura Nacional en la zona conocida &#8220;El Pa\u00f1uelo&#8221; hallaron en la costa correntina una canoa de similares caracter\u00edsticas en la que viajaban Carlos Dionisio B\u00e1ez de 53 a\u00f1os y Alejandro Alfredo Gonz\u00e1lez de 42 .<br \/>\nEl hallazgo ocurri\u00f3 a eso de las 11.45, en la costa correntina y la embarcaci\u00f3n se encontraba sin tripulantes.<br \/>\nLa Polic\u00eda del Chaco y Prefectura Nacional contin\u00faan trabajando en la zona cuando hay luz natural, abandonado los rastrillajes hasta el d\u00eda siguiente.<\/p>\n<p>DIARIO NORTE.-<\/p>\n<\/div>\n","protected":false},"excerpt":{"rendered":"<p>Un muchacho que se encontraba arriba de un poste con aparente intenciones de robar cable recibi\u00f3 una descarga y lucha por su vida. Un joven lucha por su vida luego de sufrir una descarga el\u00e9ctrica en calle Juan de Rosas al 3000. De acuerdo a fuentes policiales, el hecho sucedi\u00f3 ayer por la tarde en [&hellip;]<\/p>\n","protected":false},"author":1,"featured_media":27774,"comment_status":"closed","ping_status":"closed","sticky":false,"template":"","format":"standard","meta":{"footnotes":""},"categories":[6],"tags":[197],"class_list":{"0":"post-27773","1":"post","2":"type-post","3":"status-publish","4":"format-standard","5":"has-post-thumbnail","7":"category-chaco","8":"tag-destacada"},"_links":{"self":[{"href":"https:\/\/chacosintesis.com.ar\/index.php\/wp-json\/wp\/v2\/posts\/27773","targetHints":{"allow":["GET"]}}],"collection":[{"href":"https:\/\/chacosintesis.com.ar\/index.php\/wp-json\/wp\/v2\/posts"}],"about":[{"href":"https:\/\/chacosintesis.com.ar\/index.php\/wp-json\/wp\/v2\/types\/post"}],"author":[{"embeddable":true,"href":"https:\/\/chacosintesis.com.ar\/index.php\/wp-json\/wp\/v2\/users\/1"}],"replies":[{"embeddable":true,"href":"https:\/\/chacosintesis.com.ar\/index.php\/wp-json\/wp\/v2\/comments?post=27773"}],"version-history":[{"count":0,"href":"https:\/\/chacosintesis.com.ar\/index.php\/wp-json\/wp\/v2\/posts\/27773\/revisions"}],"wp:featuredmedia":[{"embeddable":true,"href":"https:\/\/chacosintesis.com.ar\/index.php\/wp-json\/wp\/v2\/media\/27774"}],"wp:attachment":[{"href":"https:\/\/chacosintesis.com.ar\/index.php\/wp-json\/wp\/v2\/media?parent=27773"}],"wp:term":[{"taxonomy":"category","embeddable":true,"href":"https:\/\/chacosintesis.com.ar\/index.php\/wp-json\/wp\/v2\/categories?post=27773"},{"taxonomy":"post_tag","embeddable":true,"href":"https:\/\/chacosintesis.com.ar\/index.php\/wp-json\/wp\/v2\/tags?post=27773"}],"curies":[{"name":"wp","href":"https:\/\/api.w.org\/{rel}","templated":true}]}}