{"id":27769,"date":"2023-10-09T18:58:19","date_gmt":"2023-10-09T21:58:19","guid":{"rendered":"https:\/\/chacosintesis.com.ar\/?p=27769"},"modified":"2023-10-09T19:06:57","modified_gmt":"2023-10-09T22:06:57","slug":"gobernadores-ultiman-detalles-para-aprobar-el-plan-director-de-los-bajos-submeridionales","status":"publish","type":"post","link":"https:\/\/chacosintesis.com.ar\/index.php\/gobernadores-ultiman-detalles-para-aprobar-el-plan-director-de-los-bajos-submeridionales\/","title":{"rendered":"Gobernadores ultiman detalles para aprobar el Plan Director de los Bajos Submeridionales"},"content":{"rendered":"<div class=\"postie-post\">Capitanich, Perotti y Zamora mantuvieron un encuentro en forma virtual, del que tambi\u00e9n particip\u00f3 el titular del CFI, organismo encargado de elaborar el plan y que ser\u00e1 sede de su presentaci\u00f3n y aprobaci\u00f3n a fines de este mes.<br \/>\nEl gobernador Jorge Capitanich mantuvo este lunes, en forma virtual, una reuni\u00f3n con sus pares de Santa Fe, Omar Perotti, y de Santiago del Estero, Gerardo Zamora en el marco del Comit\u00e9 Interjurisdiccional de Bajos Submeridionales, para definir detalles sobre la presentaci\u00f3n y posterior aprobaci\u00f3n que en la sede del Consejo Federal de Inversiones (CFI) del Plan Director.<br \/>\nEl Plan Director de Recursos H\u00eddricos y Red de Monitoreo Hidroambiental de la Regi\u00f3n H\u00eddrica de los Bajos Submeridionales es una hoja de ruta a largo plazo, que resulta clave para la gesti\u00f3n integrada de los recursos h\u00eddricos de la regi\u00f3n que comparten las tres provincias.<br \/>\nSeg\u00fan confirm\u00f3 Capitanich, el plan participativo ser\u00e1 aprobado este 25 de octubre en la sede del CFI \u2013en Buenos Aires-, ocasi\u00f3n en la que estar\u00e1n presentes los ministros Gabriel Katopodis (Obras P\u00fablicas de la Naci\u00f3n) y Eduardo \u201cWado\u201d De Pedro (Interior).<br \/>\n\u201cEl objeto es continuar con la ejecuci\u00f3n de obras en los componentes de alcantarillado, defensa de ciudades, reservorios, limpieza de canales y obras bilaterales interjurisdiccionales\u201d, revel\u00f3 el mandatario chaque\u00f1o tras el encuentro virtual de este lunes, del que tambi\u00e9n particip\u00f3 el titular del CFI, Ignacio Lamothe.<br \/>\nAlgunos detalles del plan<br \/>\nEl CFI, convocado por los gobernadores para la elaboraci\u00f3n de este plan, aport\u00f3 su experiencia t\u00e9cnica a un ambicioso esquema que busca la sustentabilidad de m\u00e1s de cinco millones de hect\u00e1reas sujetas a per\u00edodos de inundaciones y sequ\u00edas, que generan consecuencias negativas para las actividades productivas, el ambiente y las condiciones socioecon\u00f3micas de las\/os habitantes.<br \/>\n\u201cLa Regi\u00f3n H\u00eddrica de los Bajos Submeridionales, que ocupa la parte norte de la provincia de Santa Fe, el sur de Chaco y el sudeste de Santiago del Estero, es una gran planicie con una marcada pendiente noroeste-sudeste, que desde hace d\u00e9cadas demanda soluciones estructurales y un manejo sustentable de sus recursos h\u00eddricos\u201d, describe el organismo federal.<br \/>\nAs\u00ed, el Plan Director elaborado permitir\u00e1 contar con un estudio integral de toda la cuenca, analizar su situaci\u00f3n productiva y ambiental y determinar cu\u00e1les son las obras estructurales necesarias.<br \/>\n\u201cEl objetivo es lograr un manejo inteligente del agua en esta compleja regi\u00f3n h\u00eddrica, para ponerla en valor y reconvertirla en t\u00e9rminos productivos, y supone un abordaje multidimensional de las problem\u00e1ticas de la regi\u00f3n\u201d, sostiene.<br \/>\nUna de las claves del proyecto es una extensa red de monitoreo hidroambiental, que tendr\u00e1 45 estaciones autom\u00e1ticas que medir\u00e1n diferentes variables: precipitaciones, temperatura, humedad, niveles de riego y el caudal de los r\u00edos, incluidos sensores de nivel de los cauces bajo los puentes. Esa infraestructura ya est\u00e1 en marcha, y los resultados que arrojen las mediciones abonar\u00e1n el diagn\u00f3stico sobre el recurso h\u00eddrico, en base al cual se ejecutar\u00e1n las obras que el Plan Director recomiende.<br \/>\nObras para Chaco<br \/>\nEl plan director contempla 60 proyectos de obras que incluyen sistemas de drenaje, obras viales e hidr\u00e1ulicas, alcantarillas, reservorios de agua, y defensas. El desaf\u00edo de las provincias y el Estado nacional es mitigar las vulnerabilidades y el riesgo h\u00eddrico al que est\u00e1n expuestos los sistemas de producci\u00f3n agropecuaria, las \u00e1reas urbanas y los asentamientos de poblaci\u00f3n rural.<br \/>\nA partir de la conformaci\u00f3n del Comit\u00e9 de los Bajos Submeridionales se confirm\u00f3 el financiamiento de ocho paquetes de licitaci\u00f3n de obras de alcantarillado. Tambi\u00e9n est\u00e1n en carpeta las obras de defensa de 17 localidades y los reservorios de agua para desarrollo ganadero, adem\u00e1s del mantenimiento y readecuaci\u00f3n de canales.<br \/>\nDe 54.000 kil\u00f3metros cuadrados que comprend\u00eda la vasta regi\u00f3n se pas\u00f3 a 88.000, con lo cual la participaci\u00f3n relativa de Chaco se extendi\u00f3 notoriamente.<br \/>\n&lt;<a href=\"http:\/\/www.avg.com\/email-signature?utm_medium=email&amp;utm_source=link&amp;utm_campaign=sig-email&amp;utm_content=webmail\">www.avg.com\/email-signature?utm_medium=email&amp;utm_source=link&amp;utm_campaign=sig-email&amp;utm_content=webmail<\/a>&gt; Libre de virus.www.avg.com &lt;<a href=\"http:\/\/www.avg.com\/email-signature?utm_medium=email&amp;utm_source=link&amp;utm_campaign=sig-email&amp;utm_content=webmail\">www.avg.com\/email-signature?utm_medium=email&amp;utm_source=link&amp;utm_campaign=sig-email&amp;utm_content=webmail<\/a>&gt; <\/div>\n","protected":false},"excerpt":{"rendered":"<p>Capitanich, Perotti y Zamora mantuvieron un encuentro en forma virtual, del que tambi\u00e9n particip\u00f3 el titular del CFI, organismo encargado de elaborar el plan y que ser\u00e1 sede de su presentaci\u00f3n y aprobaci\u00f3n a fines de este mes. El gobernador Jorge Capitanich mantuvo este lunes, en forma virtual, una reuni\u00f3n con sus pares de Santa [&hellip;]<\/p>\n","protected":false},"author":1,"featured_media":27770,"comment_status":"closed","ping_status":"closed","sticky":false,"template":"","format":"standard","meta":{"footnotes":""},"categories":[6],"tags":[],"class_list":{"0":"post-27769","1":"post","2":"type-post","3":"status-publish","4":"format-standard","5":"has-post-thumbnail","7":"category-chaco"},"_links":{"self":[{"href":"https:\/\/chacosintesis.com.ar\/index.php\/wp-json\/wp\/v2\/posts\/27769","targetHints":{"allow":["GET"]}}],"collection":[{"href":"https:\/\/chacosintesis.com.ar\/index.php\/wp-json\/wp\/v2\/posts"}],"about":[{"href":"https:\/\/chacosintesis.com.ar\/index.php\/wp-json\/wp\/v2\/types\/post"}],"author":[{"embeddable":true,"href":"https:\/\/chacosintesis.com.ar\/index.php\/wp-json\/wp\/v2\/users\/1"}],"replies":[{"embeddable":true,"href":"https:\/\/chacosintesis.com.ar\/index.php\/wp-json\/wp\/v2\/comments?post=27769"}],"version-history":[{"count":0,"href":"https:\/\/chacosintesis.com.ar\/index.php\/wp-json\/wp\/v2\/posts\/27769\/revisions"}],"wp:featuredmedia":[{"embeddable":true,"href":"https:\/\/chacosintesis.com.ar\/index.php\/wp-json\/wp\/v2\/media\/27770"}],"wp:attachment":[{"href":"https:\/\/chacosintesis.com.ar\/index.php\/wp-json\/wp\/v2\/media?parent=27769"}],"wp:term":[{"taxonomy":"category","embeddable":true,"href":"https:\/\/chacosintesis.com.ar\/index.php\/wp-json\/wp\/v2\/categories?post=27769"},{"taxonomy":"post_tag","embeddable":true,"href":"https:\/\/chacosintesis.com.ar\/index.php\/wp-json\/wp\/v2\/tags?post=27769"}],"curies":[{"name":"wp","href":"https:\/\/api.w.org\/{rel}","templated":true}]}}