{"id":27765,"date":"2023-10-09T18:55:18","date_gmt":"2023-10-09T21:55:18","guid":{"rendered":"https:\/\/chacosintesis.com.ar\/?p=27765"},"modified":"2023-10-09T19:06:52","modified_gmt":"2023-10-09T22:06:52","slug":"soy-afrodescendiente-el-cortometraje-provincial-ganador-del-festival-lapacho","status":"publish","type":"post","link":"https:\/\/chacosintesis.com.ar\/index.php\/soy-afrodescendiente-el-cortometraje-provincial-ganador-del-festival-lapacho\/","title":{"rendered":"\u201cSoy afrodescendiente\u201d, el cortometraje provincial ganador del Festival Lapacho"},"content":{"rendered":"<div class=\"postie-post\">Las menciones especiales fueron para \u201cHacer orillas luminosas\u201d, de Maira Ayala en la categor\u00eda provincial y en la nacional, la recibi\u00f3 \u201cINCHI\u00d1: la fuerza del Lanin nos llama\u201d, de Ail\u00e9n Herrad\u00f3n de Neuqu\u00e9n.<br \/>\nEl domingo 8 de octubre el Departamento de Cine, Audiovisuales y Artes Digitales (DECAAD) del Instituto de Cultura del Chaco dio a conocer las producciones ganadoras de la 19\u00ba edici\u00f3n del Festival Latinoamericano de Cortometrajes Lapacho. El cortometraje ganador de la Competencia Provincial fue Soy afrodescendiente, del chaque\u00f1o Tupac Souilhe, y en la Competencia Nacional se llev\u00f3 el galard\u00f3n el corto misionero Barata, de Walter Monz\u00f3n. Adem\u00e1s, en ambas competencias, las juradas otorgaron dos menciones especiales. En la Provincial, fue para Hacer orillas luminosas, de Maira Ayala, y en la Nacional la recibi\u00f3 INCHI\u00d1: la fuerza del Lanin nos llama, de Ail\u00e9n Herrad\u00f3n, de Neuqu\u00e9n.<br \/>\nComo Obra en Proceso fue elegida M\u00e1s all\u00e1 de un salario, de Ail\u00e9n Medina, Daryna Biesky, Jos\u00e9 Monz\u00f3n y Ariana Aguirre. La producci\u00f3n es un proyecto de estudiantes del Centro Educativo Franciscano Intercultural Biling\u00fce U.E.P. N\u00b072 Cacique Pelayo, de Fontana.<br \/>\nLa plataforma CINE.AR eligi\u00f3 tambi\u00e9n a sus ganadores. El premio se lo llev\u00f3 Ballena azul, de Alfredo Rodr\u00edguez, de Formosa; y la Menci\u00f3n de Honor fue para Retrato de siesta, de Natalia Vega y Miguel Di Spalatro, de Corrientes.<br \/>\nComo parte del cierre del 19\u00ba Festival Latinoamericano de Cortometrajes Lapacho asimismo se concret\u00f3 el estreno provincial de la pel\u00edcula Al Impenetrable, de la directora chaque\u00f1a Sonia Bertotti. La proyecci\u00f3n se realiz\u00f3 en el Paraje Pampa Argentina, cercano a Juan Jos\u00e9 Castelli, que fue una de las locaciones donde se realiz\u00f3 la filmaci\u00f3n con acompa\u00f1amiento de la comunidad.<br \/>\nLos cortos ganadores<br \/>\nSoy afrodescendiente, de Tupac Souilhe (Chaco), hace foco en lo que sucede al ser afrodescendiente. Desarma la mirada negativa colonizadora y apunta a las estrategias de resistencia de dicha comunidad.<br \/>\nHacer orillas luminosas, de Maira Ayala (Chaco), fue filmado a trav\u00e9s de im\u00e1genes t\u00e9rmicas que exponen los desplazamientos nocturnos en medio del R\u00edo Paran\u00e1 llevados a cabo por mujeres trabajadoras conocidas como paseras en la frontera argentino-paraguaya. La obra tiene la intenci\u00f3n de ser un testimonio colectivo subversivo y en resistencia para narrar las condiciones en que se sigue realizando dicha actividad transfronteriza.<br \/>\nBarata, de Walter Monz\u00f3n (Misiones), cuenta la historia de Katy Solem y sus amigas, todas incre\u00edbles artistas Drag Queen. Ellas deciden ir al \u201cmercado modelo\u201d y conseguir todo lo necesario para el gran ballroom de la realeza drag.<br \/>\nINCHI\u00d1: la fuerza del Lanin nos llama, de Ail\u00e9n Herrad\u00f3n (Neuqu\u00e9n), hace foco en la ceremonia en el volc\u00e1n Lanin, que comenz\u00f3 hace casi dos d\u00e9cadas. Sus comienzos fueron un tema conflictivo en la prensa y para Parques Nacionales, y hoy sigue siendo un tema que genera incomodidad, sobre todo para quienes trabajan con el turismo y los ascensos. En esta producci\u00f3n se pueden escuchar los motivos del pueblo mapuche para realizar esta ceremonia.<br \/>\nM\u00e1s all\u00e1 de un salario, de Ail\u00e9n Medina, Daryna Biesky, Jos\u00e9 Monz\u00f3n y Ariana Aguirre (Chaco), es un proyecto referido a la explotaci\u00f3n laboral y los despidos, mediante la experiencia de varias personas de Fontana. La obra pretende dar a conocer los testimonios de trabajadores de los servicios p\u00fablicos y privados.<br \/>\nBallena azul, de Alfredo Rodr\u00edguez (Formosa), cuenta la historia de Rina, una curiosa adolescente que acepta cumplir desaf\u00edos diarios cada vez m\u00e1s extra\u00f1os. Se trata de un peligroso challenger que se viraliza en redes sociales y que podr\u00eda acabar de la peor manera.<br \/>\nRetrato de siesta, de Natalia Vega y Miguel Di Spalatro (Corrientes), retrata a trav\u00e9s de met\u00e1foras c\u00f3mo cada a\u00f1o el fuego arrasa en dicha provincia. Esta producci\u00f3n muestra c\u00f3mo el calor del verano adormece el cuerpo y tambi\u00e9n las conciencias.<br \/>\n&lt;<a href=\"http:\/\/www.avg.com\/email-signature?utm_medium=email&amp;utm_source=link&amp;utm_campaign=sig-email&amp;utm_content=webmail\">www.avg.com\/email-signature?utm_medium=email&amp;utm_source=link&amp;utm_campaign=sig-email&amp;utm_content=webmail<\/a>&gt; Libre de virus.www.avg.com &lt;<a href=\"http:\/\/www.avg.com\/email-signature?utm_medium=email&amp;utm_source=link&amp;utm_campaign=sig-email&amp;utm_content=webmail\">www.avg.com\/email-signature?utm_medium=email&amp;utm_source=link&amp;utm_campaign=sig-email&amp;utm_content=webmail<\/a>&gt; <\/div>\n","protected":false},"excerpt":{"rendered":"<p>Las menciones especiales fueron para \u201cHacer orillas luminosas\u201d, de Maira Ayala en la categor\u00eda provincial y en la nacional, la recibi\u00f3 \u201cINCHI\u00d1: la fuerza del Lanin nos llama\u201d, de Ail\u00e9n Herrad\u00f3n de Neuqu\u00e9n. El domingo 8 de octubre el Departamento de Cine, Audiovisuales y Artes Digitales (DECAAD) del Instituto de Cultura del Chaco dio a [&hellip;]<\/p>\n","protected":false},"author":1,"featured_media":27766,"comment_status":"closed","ping_status":"closed","sticky":false,"template":"","format":"standard","meta":{"footnotes":""},"categories":[6],"tags":[],"class_list":{"0":"post-27765","1":"post","2":"type-post","3":"status-publish","4":"format-standard","5":"has-post-thumbnail","7":"category-chaco"},"_links":{"self":[{"href":"https:\/\/chacosintesis.com.ar\/index.php\/wp-json\/wp\/v2\/posts\/27765","targetHints":{"allow":["GET"]}}],"collection":[{"href":"https:\/\/chacosintesis.com.ar\/index.php\/wp-json\/wp\/v2\/posts"}],"about":[{"href":"https:\/\/chacosintesis.com.ar\/index.php\/wp-json\/wp\/v2\/types\/post"}],"author":[{"embeddable":true,"href":"https:\/\/chacosintesis.com.ar\/index.php\/wp-json\/wp\/v2\/users\/1"}],"replies":[{"embeddable":true,"href":"https:\/\/chacosintesis.com.ar\/index.php\/wp-json\/wp\/v2\/comments?post=27765"}],"version-history":[{"count":0,"href":"https:\/\/chacosintesis.com.ar\/index.php\/wp-json\/wp\/v2\/posts\/27765\/revisions"}],"wp:featuredmedia":[{"embeddable":true,"href":"https:\/\/chacosintesis.com.ar\/index.php\/wp-json\/wp\/v2\/media\/27766"}],"wp:attachment":[{"href":"https:\/\/chacosintesis.com.ar\/index.php\/wp-json\/wp\/v2\/media?parent=27765"}],"wp:term":[{"taxonomy":"category","embeddable":true,"href":"https:\/\/chacosintesis.com.ar\/index.php\/wp-json\/wp\/v2\/categories?post=27765"},{"taxonomy":"post_tag","embeddable":true,"href":"https:\/\/chacosintesis.com.ar\/index.php\/wp-json\/wp\/v2\/tags?post=27765"}],"curies":[{"name":"wp","href":"https:\/\/api.w.org\/{rel}","templated":true}]}}