{"id":27755,"date":"2023-10-09T18:11:18","date_gmt":"2023-10-09T21:11:18","guid":{"rendered":"https:\/\/chacosintesis.com.ar\/?p=27755"},"modified":"2023-10-09T18:36:47","modified_gmt":"2023-10-09T21:36:47","slug":"los-hospitales-de-du-graty-y-santa-sylvina-recibieron-nuevo-equipamiento-odontologico","status":"publish","type":"post","link":"https:\/\/chacosintesis.com.ar\/index.php\/los-hospitales-de-du-graty-y-santa-sylvina-recibieron-nuevo-equipamiento-odontologico\/","title":{"rendered":"Los hospitales de Du Graty y Santa Sylvina recibieron nuevo equipamiento odontol\u00f3gico"},"content":{"rendered":"<div class=\"postie-post\">Se dot\u00f3 a los servicios con una estufa de esterilizaci\u00f3n, un equipo de rayos X odontol\u00f3gico e instrumental, adem\u00e1s de un sill\u00f3n odontol\u00f3gico.<br \/>\nEl Ministerio de Salud P\u00fablica entreg\u00f3 equipamiento a los hospitales de Coronel Du Graty y Santa Sylvina. De est\u00e1 manera avanza el fortalecimiento de los servicios de odontolog\u00eda de la provincia. A trav\u00e9s de la Direcci\u00f3n de Odontolog\u00eda, la cartera sanitaria dot\u00f3 al hospital de Du Graty de una estufa de esterilizaci\u00f3n, un equipo de rayos X odontol\u00f3gico e instrumental, que se suman al sill\u00f3n odontol\u00f3gico, autoclave y compresor que ya fueron instalados en el servicio.<br \/>\nEn tanto el hospital Dr. Moreno D\u00edaz Setuvi de Santa Sylvina recibi\u00f3 un sill\u00f3n odontol\u00f3gico que ya est\u00e1 instalado y funcionando en el servicio de odontolog\u00eda.<br \/>\nEstas acciones forman parte del Plan de Salud Bucodental, una pol\u00edtica de estado que impulsa el fortalecimiento de los servicios de odontolog\u00eda y el acceso a los cuidados odontol\u00f3gicos para chaque\u00f1os y chaque\u00f1as.<br \/>\n<<a href=\"http:\/\/www.avg.com\/email-signature?utm_medium=email&#038;utm_source=link&#038;utm_campaign=sig-email&#038;utm_content=webmail\">www.avg.com\/email-signature?utm_medium=email&amp;utm_source=link&amp;utm_campaign=sig-email&amp;utm_content=webmail<\/a>> Libre de virus.www.avg.com <<a href=\"http:\/\/www.avg.com\/email-signature?utm_medium=email&#038;utm_source=link&#038;utm_campaign=sig-email&#038;utm_content=webmail\">www.avg.com\/email-signature?utm_medium=email&amp;utm_source=link&amp;utm_campaign=sig-email&amp;utm_content=webmail<\/a>> <#DAB4FAD8-2DD7-40BB-A1B8-4E2AA1F9FDF2><\/div>\n","protected":false},"excerpt":{"rendered":"<p>Se dot\u00f3 a los servicios con una estufa de esterilizaci\u00f3n, un equipo de rayos X odontol\u00f3gico e instrumental, adem\u00e1s de un sill\u00f3n odontol\u00f3gico. El Ministerio de Salud P\u00fablica entreg\u00f3 equipamiento a los hospitales de Coronel Du Graty y Santa Sylvina. De est\u00e1 manera avanza el fortalecimiento de los servicios de odontolog\u00eda de la provincia. A [&hellip;]<\/p>\n","protected":false},"author":1,"featured_media":27756,"comment_status":"closed","ping_status":"closed","sticky":false,"template":"","format":"standard","meta":{"footnotes":""},"categories":[6],"tags":[],"class_list":{"0":"post-27755","1":"post","2":"type-post","3":"status-publish","4":"format-standard","5":"has-post-thumbnail","7":"category-chaco"},"_links":{"self":[{"href":"https:\/\/chacosintesis.com.ar\/index.php\/wp-json\/wp\/v2\/posts\/27755","targetHints":{"allow":["GET"]}}],"collection":[{"href":"https:\/\/chacosintesis.com.ar\/index.php\/wp-json\/wp\/v2\/posts"}],"about":[{"href":"https:\/\/chacosintesis.com.ar\/index.php\/wp-json\/wp\/v2\/types\/post"}],"author":[{"embeddable":true,"href":"https:\/\/chacosintesis.com.ar\/index.php\/wp-json\/wp\/v2\/users\/1"}],"replies":[{"embeddable":true,"href":"https:\/\/chacosintesis.com.ar\/index.php\/wp-json\/wp\/v2\/comments?post=27755"}],"version-history":[{"count":0,"href":"https:\/\/chacosintesis.com.ar\/index.php\/wp-json\/wp\/v2\/posts\/27755\/revisions"}],"wp:featuredmedia":[{"embeddable":true,"href":"https:\/\/chacosintesis.com.ar\/index.php\/wp-json\/wp\/v2\/media\/27756"}],"wp:attachment":[{"href":"https:\/\/chacosintesis.com.ar\/index.php\/wp-json\/wp\/v2\/media?parent=27755"}],"wp:term":[{"taxonomy":"category","embeddable":true,"href":"https:\/\/chacosintesis.com.ar\/index.php\/wp-json\/wp\/v2\/categories?post=27755"},{"taxonomy":"post_tag","embeddable":true,"href":"https:\/\/chacosintesis.com.ar\/index.php\/wp-json\/wp\/v2\/tags?post=27755"}],"curies":[{"name":"wp","href":"https:\/\/api.w.org\/{rel}","templated":true}]}}