{"id":27749,"date":"2023-10-09T13:16:40","date_gmt":"2023-10-09T16:16:40","guid":{"rendered":"https:\/\/chacosintesis.com.ar\/?p=27749"},"modified":"2023-10-09T13:20:29","modified_gmt":"2023-10-09T16:20:29","slug":"los-equipos-de-zdero-en-resistencia-ya-trabajan-en-la-campana-patricia-2023","status":"publish","type":"post","link":"https:\/\/chacosintesis.com.ar\/index.php\/los-equipos-de-zdero-en-resistencia-ya-trabajan-en-la-campana-patricia-2023\/","title":{"rendered":"Los equipos de Zdero en Resistencia ya trabajan en la campa\u00f1a Patricia 2023"},"content":{"rendered":"<div class=\"postie-post\">Los equipos t\u00e9cnicos y territoriales de Leandro Zdero, de la ciudad de Resistencia, se reunieron de cara a las elecciones nacionales por la campa\u00f1a Patricia Bullrich Presidente, previstas para el 22 de octubre y por las elecciones municipales que llevan a Roy Nikisch como candidato a Intendente de JxC en la capital chaque\u00f1a. \u201cEstamos agradecidos y entusiasmados por este encuentro con la militancia y con los voluntarios que se siguen sumando en el marco de este a\u00f1o electoral. Estamos muy agradecidos por el tiempo de cada uno, y por el compromiso que esto significa a la hora de llegar a cada casa, hablar con los vecinos, llevar el voto en cada barrio o fiscalizar ese mismo domingo de elecciones\u201d- indicaron.<\/p>\n<p>Esta reuni\u00f3n, realizada la semana pasada, cont\u00f3 con la presencia de la diputada provincial electa Carmen Britto, la concejal Carla Cantero, el dirigente Diego Jara, el candidato a presidente del Concejo municipal, Alejandro Aradas y los candidatos a concejales de la ciudad de Resistencia. \u201cTenemos mucho trabajo hacia adelante, creemos que Patricia en la Naci\u00f3n, Leandro en la provincia, y Roy en Resistencia son las mejores opciones que nos permitir\u00e1n la transformaci\u00f3n y la construcci\u00f3n de un futuro mejor\u201d.<\/p>\n<p>CARA A CARA CON LOS VECINOS<\/p>\n<p>\u201cEstamos organizados y llegamos a cada barrio para contarles las propuestas que necesita nuestra ciudad. Resistencia saldr\u00e1 del caos, del desorden y del abandono, de la mano de Roy Nikisch y sus concejales que conocen las demandas de los vecinos. Lo importante es dar la cara, estar con ellos, no esconderse y en di\u00e1logo con ellos seguir trabajando en forma conjunta para recuperar la ciudad con trabajo, orden y transparencia\u201d- concluyeron.<\/p><\/div>\n","protected":false},"excerpt":{"rendered":"<p>Los equipos t\u00e9cnicos y territoriales de Leandro Zdero, de la ciudad de Resistencia, se reunieron de cara a las elecciones nacionales por la campa\u00f1a Patricia Bullrich Presidente, previstas para el 22 de octubre y por las elecciones municipales que llevan a Roy Nikisch como candidato a Intendente de JxC en la capital chaque\u00f1a. \u201cEstamos agradecidos [&hellip;]<\/p>\n","protected":false},"author":1,"featured_media":27750,"comment_status":"closed","ping_status":"closed","sticky":false,"template":"","format":"standard","meta":{"footnotes":""},"categories":[6],"tags":[],"class_list":{"0":"post-27749","1":"post","2":"type-post","3":"status-publish","4":"format-standard","5":"has-post-thumbnail","7":"category-chaco"},"_links":{"self":[{"href":"https:\/\/chacosintesis.com.ar\/index.php\/wp-json\/wp\/v2\/posts\/27749","targetHints":{"allow":["GET"]}}],"collection":[{"href":"https:\/\/chacosintesis.com.ar\/index.php\/wp-json\/wp\/v2\/posts"}],"about":[{"href":"https:\/\/chacosintesis.com.ar\/index.php\/wp-json\/wp\/v2\/types\/post"}],"author":[{"embeddable":true,"href":"https:\/\/chacosintesis.com.ar\/index.php\/wp-json\/wp\/v2\/users\/1"}],"replies":[{"embeddable":true,"href":"https:\/\/chacosintesis.com.ar\/index.php\/wp-json\/wp\/v2\/comments?post=27749"}],"version-history":[{"count":0,"href":"https:\/\/chacosintesis.com.ar\/index.php\/wp-json\/wp\/v2\/posts\/27749\/revisions"}],"wp:featuredmedia":[{"embeddable":true,"href":"https:\/\/chacosintesis.com.ar\/index.php\/wp-json\/wp\/v2\/media\/27750"}],"wp:attachment":[{"href":"https:\/\/chacosintesis.com.ar\/index.php\/wp-json\/wp\/v2\/media?parent=27749"}],"wp:term":[{"taxonomy":"category","embeddable":true,"href":"https:\/\/chacosintesis.com.ar\/index.php\/wp-json\/wp\/v2\/categories?post=27749"},{"taxonomy":"post_tag","embeddable":true,"href":"https:\/\/chacosintesis.com.ar\/index.php\/wp-json\/wp\/v2\/tags?post=27749"}],"curies":[{"name":"wp","href":"https:\/\/api.w.org\/{rel}","templated":true}]}}