{"id":27747,"date":"2023-10-09T08:04:11","date_gmt":"2023-10-09T11:04:11","guid":{"rendered":"https:\/\/chacosintesis.com.ar\/?p=27747"},"modified":"2023-10-09T08:05:57","modified_gmt":"2023-10-09T11:05:57","slug":"general-pinedo-lo-mato-su-caballo-de-una-patada-en-la-cabeza","status":"publish","type":"post","link":"https:\/\/chacosintesis.com.ar\/index.php\/general-pinedo-lo-mato-su-caballo-de-una-patada-en-la-cabeza\/","title":{"rendered":"General Pinedo: lo mat\u00f3 su caballo de una patada en la cabeza"},"content":{"rendered":"<div class=\"postie-post\">Una jornada con una jineteada en la tarde del domingo se vio afectada por la muerte de un jinete de 19 a\u00f1os, precisaron fuentes policiales a NORTE.<\/p>\n<p>Una doma de caballo en el predio &#8220;Gauchito Gil&#8221; en General Pinedo, termin\u00f3 abruptamente, por la muerte del jinete Mat\u00edas Ariel Zimbala de 19 a\u00f1os. El domador viv\u00eda en Charata.<\/p>\n<p>De acuerdo a fuentes policiales, Zimbala cay\u00f3 con su potro, y ya en el suelo, el caballo lo golpe\u00f3 mortalmente en la cabeza.<br \/>\nLos servicios m\u00e9dicos no pudieron salvarlo y el cuerpo fue entregado a los familiares para fines p\u00f3stumos.<\/p>\n<p>DIARIO NORTE.-<\/p>\n<\/div>\n","protected":false},"excerpt":{"rendered":"<p>Una jornada con una jineteada en la tarde del domingo se vio afectada por la muerte de un jinete de 19 a\u00f1os, precisaron fuentes policiales a NORTE. Una doma de caballo en el predio &#8220;Gauchito Gil&#8221; en General Pinedo, termin\u00f3 abruptamente, por la muerte del jinete Mat\u00edas Ariel Zimbala de 19 a\u00f1os. El domador viv\u00eda [&hellip;]<\/p>\n","protected":false},"author":1,"featured_media":27748,"comment_status":"closed","ping_status":"closed","sticky":false,"template":"","format":"standard","meta":{"footnotes":""},"categories":[6],"tags":[197],"class_list":{"0":"post-27747","1":"post","2":"type-post","3":"status-publish","4":"format-standard","5":"has-post-thumbnail","7":"category-chaco","8":"tag-destacada"},"_links":{"self":[{"href":"https:\/\/chacosintesis.com.ar\/index.php\/wp-json\/wp\/v2\/posts\/27747","targetHints":{"allow":["GET"]}}],"collection":[{"href":"https:\/\/chacosintesis.com.ar\/index.php\/wp-json\/wp\/v2\/posts"}],"about":[{"href":"https:\/\/chacosintesis.com.ar\/index.php\/wp-json\/wp\/v2\/types\/post"}],"author":[{"embeddable":true,"href":"https:\/\/chacosintesis.com.ar\/index.php\/wp-json\/wp\/v2\/users\/1"}],"replies":[{"embeddable":true,"href":"https:\/\/chacosintesis.com.ar\/index.php\/wp-json\/wp\/v2\/comments?post=27747"}],"version-history":[{"count":0,"href":"https:\/\/chacosintesis.com.ar\/index.php\/wp-json\/wp\/v2\/posts\/27747\/revisions"}],"wp:featuredmedia":[{"embeddable":true,"href":"https:\/\/chacosintesis.com.ar\/index.php\/wp-json\/wp\/v2\/media\/27748"}],"wp:attachment":[{"href":"https:\/\/chacosintesis.com.ar\/index.php\/wp-json\/wp\/v2\/media?parent=27747"}],"wp:term":[{"taxonomy":"category","embeddable":true,"href":"https:\/\/chacosintesis.com.ar\/index.php\/wp-json\/wp\/v2\/categories?post=27747"},{"taxonomy":"post_tag","embeddable":true,"href":"https:\/\/chacosintesis.com.ar\/index.php\/wp-json\/wp\/v2\/tags?post=27747"}],"curies":[{"name":"wp","href":"https:\/\/api.w.org\/{rel}","templated":true}]}}