{"id":27741,"date":"2023-10-08T09:38:47","date_gmt":"2023-10-08T12:38:47","guid":{"rendered":"https:\/\/chacosintesis.com.ar\/?p=27741"},"modified":"2023-10-08T10:06:59","modified_gmt":"2023-10-08T13:06:59","slug":"zdero-en-pampa-del-inferno-el-22-de-octubre-es-con-patricia","status":"publish","type":"post","link":"https:\/\/chacosintesis.com.ar\/index.php\/zdero-en-pampa-del-inferno-el-22-de-octubre-es-con-patricia\/","title":{"rendered":"Zdero en Pampa del Inferno: &#8220;El 22 de octubre, es con Patricia&#8221;"},"content":{"rendered":"<div class=\"postie-post\">La f\u00f3rmula electa para la gobernaci\u00f3n del Chaco, Leandro Zdero y Silvana Schneider, estuvieron este s\u00e1bado en Pampa del Infierno acompa\u00f1ando la reuni\u00f3n regional ampliada en el marco de la campa\u00f1a nacional Patricia Bullrich Presidente. All\u00ed, fueron recibidos por la intendente Glenda Seifert junto a vecinos y referentes de Concepci\u00f3n del Bermejo, Los Frentones, R\u00edo Muerto, Taco Pozo, Corzuela, Avia Terai y Napenay. \u201cQueremos un pa\u00eds ordenado, planificado, seguro, donde todos podamos transitar libremente y se respeten las instituciones. Necesitamos redoblar los esfuerzos para que Patricia sea nuestra pr\u00f3xima Presidente, as\u00ed como lo hicimos en la provincia, desde el llano, casa por casa, con humildad, con zapatillas y con votos que nos permitan poder lograr esa Argentina de valores que tanto so\u00f1amos\u201d- expresaron.<br \/>\nEstas actividades y reuniones regionales ampliadas se est\u00e1n realizando en cada rinc\u00f3n del Chaco, de cara a las pr\u00f3ximas elecciones nacionales previstas para el 22 de octubre- aseguraron desde el equipo de campa\u00f1a de Juntos por el Cambio. \u201cLleg\u00f3 el tiempo de construir entre todos, de estar espalda con espalda, y estar al lado de la gente porque sabemos que es el momento de una vez por todas, alinear nuestro gobierno junto al de Patricia que nos garantizar\u00e1 todos los derechos y las acciones que nos faltan recuperar a los chaque\u00f1os\u201d.<br \/>\n\u201cPATRICIA TIENE LA CAPACIDAD Y EL EQUIPO PARA GOBERNAR A LA ARGENTINA\u201d<br \/>\n\u201cVamos a honrar a los chaque\u00f1os, con mucho compromiso, en administrar bien; vamos a cuidar esa responsabilidad de gobernar y de construir entre todos. Necesitamos una elecci\u00f3n madura, responsable, un voto con criterio, pero tambi\u00e9n con la oportunidad que necesitamos los chaque\u00f1os y el 22 por eso, estamos convencidos que es con Patricia\u201d<br \/>\nAcompa\u00f1aron a Zdero y Schneider este mediod\u00eda en Pampa del Infierno, el ex gobernador \u00c1ngel Rozas, legisladores nacionales y provinciales; intendentes, concejales, candidatos nacionales, dirigentes provinciales y vecinos de la zona.<\/div>\n","protected":false},"excerpt":{"rendered":"<p>La f\u00f3rmula electa para la gobernaci\u00f3n del Chaco, Leandro Zdero y Silvana Schneider, estuvieron este s\u00e1bado en Pampa del Infierno acompa\u00f1ando la reuni\u00f3n regional ampliada en el marco de la campa\u00f1a nacional Patricia Bullrich Presidente. All\u00ed, fueron recibidos por la intendente Glenda Seifert junto a vecinos y referentes de Concepci\u00f3n del Bermejo, Los Frentones, R\u00edo [&hellip;]<\/p>\n","protected":false},"author":1,"featured_media":27742,"comment_status":"closed","ping_status":"closed","sticky":false,"template":"","format":"standard","meta":{"footnotes":""},"categories":[6],"tags":[],"class_list":{"0":"post-27741","1":"post","2":"type-post","3":"status-publish","4":"format-standard","5":"has-post-thumbnail","7":"category-chaco"},"_links":{"self":[{"href":"https:\/\/chacosintesis.com.ar\/index.php\/wp-json\/wp\/v2\/posts\/27741","targetHints":{"allow":["GET"]}}],"collection":[{"href":"https:\/\/chacosintesis.com.ar\/index.php\/wp-json\/wp\/v2\/posts"}],"about":[{"href":"https:\/\/chacosintesis.com.ar\/index.php\/wp-json\/wp\/v2\/types\/post"}],"author":[{"embeddable":true,"href":"https:\/\/chacosintesis.com.ar\/index.php\/wp-json\/wp\/v2\/users\/1"}],"replies":[{"embeddable":true,"href":"https:\/\/chacosintesis.com.ar\/index.php\/wp-json\/wp\/v2\/comments?post=27741"}],"version-history":[{"count":0,"href":"https:\/\/chacosintesis.com.ar\/index.php\/wp-json\/wp\/v2\/posts\/27741\/revisions"}],"wp:featuredmedia":[{"embeddable":true,"href":"https:\/\/chacosintesis.com.ar\/index.php\/wp-json\/wp\/v2\/media\/27742"}],"wp:attachment":[{"href":"https:\/\/chacosintesis.com.ar\/index.php\/wp-json\/wp\/v2\/media?parent=27741"}],"wp:term":[{"taxonomy":"category","embeddable":true,"href":"https:\/\/chacosintesis.com.ar\/index.php\/wp-json\/wp\/v2\/categories?post=27741"},{"taxonomy":"post_tag","embeddable":true,"href":"https:\/\/chacosintesis.com.ar\/index.php\/wp-json\/wp\/v2\/tags?post=27741"}],"curies":[{"name":"wp","href":"https:\/\/api.w.org\/{rel}","templated":true}]}}