{"id":27739,"date":"2023-10-07T20:51:16","date_gmt":"2023-10-07T23:51:16","guid":{"rendered":"https:\/\/chacosintesis.com.ar\/?p=27739"},"modified":"2023-10-07T21:07:21","modified_gmt":"2023-10-08T00:07:21","slug":"inauguraron-novedosa-despensa-popular-en-la-plaza-de-la-integracion","status":"publish","type":"post","link":"https:\/\/chacosintesis.com.ar\/index.php\/inauguraron-novedosa-despensa-popular-en-la-plaza-de-la-integracion\/","title":{"rendered":"Inauguraron novedosa despensa popular en la Plaza de la Integraci\u00f3n"},"content":{"rendered":"<div class=\"postie-post\">Este s\u00e1bado abri\u00f3 sus puertas, sum\u00e1ndose como un nuevo integrante de la familia de Almacenes y Mercados Populares puestos en funcionamiento en distintas localidades de la provincia.<br \/>\nEl Ministerio de Desarrollo Social de la Provincia habilit\u00f3 hoy, en el marco del desarrollo de los Mercados Populares en el predio de la Plaza de la Integraci\u00f3n (ubicada en la intersecci\u00f3n de las avenidas Espa\u00f1a y 9 de Julio, entre Resistencia y Barranqueras), la \u201cDespensa Popular\u201d, un nuevo espacio de comercializaci\u00f3n fijo, moderno e in\u00e9dito en la zona.<br \/>\nCon esta nueva habilitaci\u00f3n, la Unidad Ejecutora de Pol\u00edticas Sociales (UEPS), sigue impulsando el establecimiento y desarrollo de peque\u00f1os nodos solidarios de alimentos 100 % chaque\u00f1os, los cuales se comercializan a precios m\u00f3dicos, y en este caso con la puesta en funcionamiento de Despensas, las que forman parte del Programa de Infraestructura para Entramados Productivos Regionales.<br \/>\nEn ellas, vecinas y vecinos de Resistencia y zonas aleda\u00f1as podr\u00e1n continuar adquiriendo alimentos y productos chaque\u00f1os a precios justos.<br \/>\nEn Mercados y Almacenes Populares, m\u00e1s las Despensas, como iniciativa del gobierno provincial, se facilita la comercializaci\u00f3n de alimentos frescos, producciones y artesan\u00edas confeccionadas por emprendedoras, emprendedores y unidades productivas chaque\u00f1as, a precios accesibles.<br \/>\nYa se encuentran en funcionamiento Almacenes Populares en: Presidencia de la Plaza, Corzuela, Barranqueras, Puerto Bermejo, Margarita Bel\u00e9n, y el CECUAL en Resistencia; adem\u00e1s Mercados Populares en pleno funcionamiento en distintos puntos de Resistencia, Charata, General Vedia, Pampa del Indio, Puerto Eva Per\u00f3n, Fontana, Machagai, y Juan Jos\u00e9 Castelli.<br \/>\nLa puesta en funcionamiento fue realizada por la ministra de Desarrollo Social, Mar\u00eda P\u00eda Chiacchio Cavana; Roc\u00edo Dom\u00ednguez, de la UEPS; la coordinadora de Espacio Verdes Secretar\u00eda de Gobierno, Sandra Romano; por la Fundaci\u00f3n Dignidad y Grandeza Social Sandra Jara, y el representante de la Subsecretar\u00eda de Gobierno, Ra\u00fal Bittel.<br \/>\nLa ministra Chiacchio Cavana celebr\u00f3 con benepl\u00e1cito la concreci\u00f3n de esta primera Despensa Popular: \u201cla verdad que estamos muy satisfechas con lo logrado, ya que no solo es novedosa, amplia y con instalaciones impecables, sino que genera un sinf\u00edn de oportunidades nuevas a la hora de la comercializaci\u00f3n de alimentos y otras producciones, en especial para v quienes habitan la zona, como para las emprendedoras y emprendedores. Desde un Estado presente seguimos garantizando m\u00e1s y mejores oportunidades para la comunidad chaque\u00f1a\u201d.<\/p>\n<p>Objetivos y lineamientos<br \/>\nCon la instalaci\u00f3n de la Despensa Popular, se implement\u00f3 un espacio de visibilizaci\u00f3n de los productos, de actores de la agricultura familiar y la econom\u00eda popular social y solidaria; se promovi\u00f3 el v\u00ednculo entre quienes producen, consumidores y gobiernos locales en distintas escalas y esferas, para federalizar y aumentar las oportunidades de generaci\u00f3n de riqueza, de ingresos y de trabajo<br \/>\nDigno, como tambi\u00e9n se busca brindar herramientas a las comunas para que fortalezcan y fomenten la producci\u00f3n y comercializaci\u00f3n de emprendedoras, emprendedores y unidades del sector de alimentos y artesan\u00edas locales.<br \/>\nDesde la UEPS se tuvieron en cuenta criterios espec\u00edficos a la hora de elegir las localizaciones para impulsar los Almacenes, Mercados y Despensas Populares, como estar situados dentro de corredores centrales urbanos o tur\u00edsticos, a fin de promover la mayor visibilidad posible; se articul\u00f3 con municipios u organizaciones comunales o sociales que tuvieran capacidad y experiencia en cuanto a la comercializaci\u00f3n de productos de la agricultura familiar y de la econom\u00eda popular, social y solidaria, prioritariamente de car\u00e1cter local.<br \/>\nSe proporcion\u00f3 tambi\u00e9n la infraestructura necesaria, para que tanto quienes ofrecen sus producciones como quienes las adquieran puedan contar con comodidades y condiciones adecuadas a la hora de establecerse la comercializaci\u00f3n.<\/p>\n<p>Apoyo al emprendedurismo social<br \/>\nLa UEPS capacita peri\u00f3dicamente a emprendedores sobre educaci\u00f3n financiera y tributaria, para posicionamiento de productos por canales digitales, con el objetivo de incrementar las ventas y aumentar oportunidades de trabajo autogestivo.<br \/>\nLas personas interesadas en participar pueden ingresar en <a href=\"https:\/\/emprendemos.chaco.gob.ar\/\">emprendemos.chaco.gob.ar\/<\/a>, o acudir a municipios adheridos. En Resistencia la atenci\u00f3n es en avenida San Mart\u00edn 266, tel\u00e9fono 362-4742371, correo electr\u00f3nico a: <a href=\"mailto:emprendemostodos@chaco.gob.ar\">emprendemostodos@chaco.gob.ar<\/a>.<br \/>\n&lt;<a href=\"http:\/\/www.avg.com\/email-signature?utm_medium=email&amp;utm_source=link&amp;utm_campaign=sig-email&amp;utm_content=webmail\">www.avg.com\/email-signature?utm_medium=email&amp;utm_source=link&amp;utm_campaign=sig-email&amp;utm_content=webmail<\/a>&gt; Libre de virus.www.avg.com &lt;<a href=\"http:\/\/www.avg.com\/email-signature?utm_medium=email&amp;utm_source=link&amp;utm_campaign=sig-email&amp;utm_content=webmail\">www.avg.com\/email-signature?utm_medium=email&amp;utm_source=link&amp;utm_campaign=sig-email&amp;utm_content=webmail<\/a>&gt; <\/div>\n","protected":false},"excerpt":{"rendered":"<p>Este s\u00e1bado abri\u00f3 sus puertas, sum\u00e1ndose como un nuevo integrante de la familia de Almacenes y Mercados Populares puestos en funcionamiento en distintas localidades de la provincia. El Ministerio de Desarrollo Social de la Provincia habilit\u00f3 hoy, en el marco del desarrollo de los Mercados Populares en el predio de la Plaza de la Integraci\u00f3n [&hellip;]<\/p>\n","protected":false},"author":1,"featured_media":27740,"comment_status":"closed","ping_status":"closed","sticky":false,"template":"","format":"standard","meta":{"footnotes":""},"categories":[6],"tags":[],"class_list":{"0":"post-27739","1":"post","2":"type-post","3":"status-publish","4":"format-standard","5":"has-post-thumbnail","7":"category-chaco"},"_links":{"self":[{"href":"https:\/\/chacosintesis.com.ar\/index.php\/wp-json\/wp\/v2\/posts\/27739","targetHints":{"allow":["GET"]}}],"collection":[{"href":"https:\/\/chacosintesis.com.ar\/index.php\/wp-json\/wp\/v2\/posts"}],"about":[{"href":"https:\/\/chacosintesis.com.ar\/index.php\/wp-json\/wp\/v2\/types\/post"}],"author":[{"embeddable":true,"href":"https:\/\/chacosintesis.com.ar\/index.php\/wp-json\/wp\/v2\/users\/1"}],"replies":[{"embeddable":true,"href":"https:\/\/chacosintesis.com.ar\/index.php\/wp-json\/wp\/v2\/comments?post=27739"}],"version-history":[{"count":0,"href":"https:\/\/chacosintesis.com.ar\/index.php\/wp-json\/wp\/v2\/posts\/27739\/revisions"}],"wp:featuredmedia":[{"embeddable":true,"href":"https:\/\/chacosintesis.com.ar\/index.php\/wp-json\/wp\/v2\/media\/27740"}],"wp:attachment":[{"href":"https:\/\/chacosintesis.com.ar\/index.php\/wp-json\/wp\/v2\/media?parent=27739"}],"wp:term":[{"taxonomy":"category","embeddable":true,"href":"https:\/\/chacosintesis.com.ar\/index.php\/wp-json\/wp\/v2\/categories?post=27739"},{"taxonomy":"post_tag","embeddable":true,"href":"https:\/\/chacosintesis.com.ar\/index.php\/wp-json\/wp\/v2\/tags?post=27739"}],"curies":[{"name":"wp","href":"https:\/\/api.w.org\/{rel}","templated":true}]}}