{"id":27705,"date":"2023-10-06T21:15:49","date_gmt":"2023-10-07T00:15:49","guid":{"rendered":"https:\/\/chacosintesis.com.ar\/?p=27705"},"modified":"2023-10-06T21:37:25","modified_gmt":"2023-10-07T00:37:25","slug":"los-27-anos-del-museo-historico-regional-de-la-isla-del-cerrito","status":"publish","type":"post","link":"https:\/\/chacosintesis.com.ar\/index.php\/los-27-anos-del-museo-historico-regional-de-la-isla-del-cerrito\/","title":{"rendered":"Los 27 a\u00f1os del Museo Hist\u00f3rico Regional de la Isla del Cerrito"},"content":{"rendered":"<div class=\"postie-post\">Este domingo 8 de octubre el Museo Hist\u00f3rico Regional de Isla del Cerrito celebra su 27\u00b0 aniversario, coincidiendo con la fecha de la firma del decreto de su creaci\u00f3n y en el marco de una nueva conmemoraci\u00f3n de su apertura al p\u00fablico (11 de octubre de 1996).<br \/>\nLos festejos iniciar\u00e1n a las 19 en el Museo (Peatonal Uriburu, frente al camping municipal). Quienes se acerquen, podr\u00e1n participar de la inauguraci\u00f3n de la muestra \u201cGeneraciones Vivas\u201d, una muestra fotogr\u00e1fica que invita a recorrer en im\u00e1genes los distintos oficios y actividades productivas y artesanales de las mujeres de la Isla del Cerrito.<br \/>\nLa programaci\u00f3n se completa con una entrega de recordatorios a las y los primeros donantes de acervos; la proyecci\u00f3n del documental \u201cLa Tierra que emerge\u201d de la realizadora audiovisual Josefina Lens y la presentaci\u00f3n art\u00edstica del grupo de danza \u201cAura Isle\u00f1a\u201d. La participaci\u00f3n en las actividades ser\u00e1 libre y gratuita.<br \/>\nSobre el Museo<br \/>\nEl Museo Hist\u00f3rico Regional \u201cDe la Isla\u201d fue creado por Decreto 1637 del 8 de octubre de 1996 e inaugurado el 11 de octubre del mismo a\u00f1o, en el contexto de una serie de obras tur\u00edsticas y culturales para Isla del Cerrito que se inauguraron en el marco de la Fiesta Nacional de Pesca del Dorado.<br \/>\nTiene por misi\u00f3n organizar, coordinar y supervisar las tareas de investigaci\u00f3n, rescate, restauraci\u00f3n, catalogaci\u00f3n, conservaci\u00f3n, exposici\u00f3n y difusi\u00f3n de los acervos que integran las colecciones del museo y constituyen el patrimonio hist\u00f3rico y socio cultural de la Isla.<br \/>\nLas personas que visitan la instituci\u00f3n se encuentran con una sala de exposici\u00f3n dividida en \u00e1reas tem\u00e1ticas que comienzas cronol\u00f3gicamente con la presencia de los pueblos originarios, pasando por la presencia de los primeros navegantes espa\u00f1oles, (Siglo XVI), Guerra de la triple Alianza (1865-70) con la ocupaci\u00f3n de la isla por la armada brasile\u00f1a (1866-1876), Isla del Cerrito como capital del Territorio Nacional del Chaco (1876-1877), la construcci\u00f3n, habilitaci\u00f3n y funcionamiento del Hospital Aberastury (1928-1970) y finalmente la historia institucional desde 1970 hasta la creaci\u00f3n del museo 1996.<br \/>\nEl museo ofrece cortometrajes y documentales de la historia isle\u00f1a y visitas guiadas no s\u00f3lo en la sala de exposici\u00f3n, sino tambi\u00e9n un recorrido que arranca en la Hoster\u00eda del Sol, recorre toda la parte del casco hist\u00f3rico y culmina en Punta Norte, confluencia de los r\u00edos Paran\u00e1 y Paraguay.<br \/>\n&lt;<a href=\"http:\/\/www.avg.com\/email-signature?utm_medium=email&amp;utm_source=link&amp;utm_campaign=sig-email&amp;utm_content=webmail\">www.avg.com\/email-signature?utm_medium=email&amp;utm_source=link&amp;utm_campaign=sig-email&amp;utm_content=webmail<\/a>&gt; Libre de virus.www.avg.com &lt;<a href=\"http:\/\/www.avg.com\/email-signature?utm_medium=email&amp;utm_source=link&amp;utm_campaign=sig-email&amp;utm_content=webmail\">www.avg.com\/email-signature?utm_medium=email&amp;utm_source=link&amp;utm_campaign=sig-email&amp;utm_content=webmail<\/a>&gt; <\/div>\n","protected":false},"excerpt":{"rendered":"<p>Este domingo 8 de octubre el Museo Hist\u00f3rico Regional de Isla del Cerrito celebra su 27\u00b0 aniversario, coincidiendo con la fecha de la firma del decreto de su creaci\u00f3n y en el marco de una nueva conmemoraci\u00f3n de su apertura al p\u00fablico (11 de octubre de 1996). Los festejos iniciar\u00e1n a las 19 en el [&hellip;]<\/p>\n","protected":false},"author":1,"featured_media":27706,"comment_status":"closed","ping_status":"closed","sticky":false,"template":"","format":"standard","meta":{"footnotes":""},"categories":[6],"tags":[],"class_list":{"0":"post-27705","1":"post","2":"type-post","3":"status-publish","4":"format-standard","5":"has-post-thumbnail","7":"category-chaco"},"_links":{"self":[{"href":"https:\/\/chacosintesis.com.ar\/index.php\/wp-json\/wp\/v2\/posts\/27705","targetHints":{"allow":["GET"]}}],"collection":[{"href":"https:\/\/chacosintesis.com.ar\/index.php\/wp-json\/wp\/v2\/posts"}],"about":[{"href":"https:\/\/chacosintesis.com.ar\/index.php\/wp-json\/wp\/v2\/types\/post"}],"author":[{"embeddable":true,"href":"https:\/\/chacosintesis.com.ar\/index.php\/wp-json\/wp\/v2\/users\/1"}],"replies":[{"embeddable":true,"href":"https:\/\/chacosintesis.com.ar\/index.php\/wp-json\/wp\/v2\/comments?post=27705"}],"version-history":[{"count":0,"href":"https:\/\/chacosintesis.com.ar\/index.php\/wp-json\/wp\/v2\/posts\/27705\/revisions"}],"wp:featuredmedia":[{"embeddable":true,"href":"https:\/\/chacosintesis.com.ar\/index.php\/wp-json\/wp\/v2\/media\/27706"}],"wp:attachment":[{"href":"https:\/\/chacosintesis.com.ar\/index.php\/wp-json\/wp\/v2\/media?parent=27705"}],"wp:term":[{"taxonomy":"category","embeddable":true,"href":"https:\/\/chacosintesis.com.ar\/index.php\/wp-json\/wp\/v2\/categories?post=27705"},{"taxonomy":"post_tag","embeddable":true,"href":"https:\/\/chacosintesis.com.ar\/index.php\/wp-json\/wp\/v2\/tags?post=27705"}],"curies":[{"name":"wp","href":"https:\/\/api.w.org\/{rel}","templated":true}]}}