{"id":27701,"date":"2023-10-06T20:59:45","date_gmt":"2023-10-06T23:59:45","guid":{"rendered":"https:\/\/chacosintesis.com.ar\/?p=27701"},"modified":"2023-10-06T21:08:42","modified_gmt":"2023-10-07T00:08:42","slug":"sameep-promueve-el-uso-responsable-del-agua-y-la-educacion-ambiental","status":"publish","type":"post","link":"https:\/\/chacosintesis.com.ar\/index.php\/sameep-promueve-el-uso-responsable-del-agua-y-la-educacion-ambiental\/","title":{"rendered":"Sameep promueve el uso responsable del agua y la educaci\u00f3n ambiental"},"content":{"rendered":"<div class=\"postie-post\">El D\u00eda Interamericano del Agua, que se conmemora el primer s\u00e1bado de octubre, busca sensibilizar y concienciar a las personas sobre la importancia del recurso vital para la humanidad.<br \/>\nEl primer s\u00e1bado de octubre se conmemora el D\u00eda Interamericano del Agua, jornada que busca sensibilizar y concienciar a las personas, sobre lo valioso e importante que es este recurso para asegurar la salud y desarrollo de todos sus ciudadanos. En ese marco, desde Sameep se reitera la importancia y se promueve la educaci\u00f3n ambiental y el uso responsable del recurso esencial para la humanidad.<br \/>\nEn este 2023 el lema es: &#8220;Agua, derechos humanos y gobernabilidad: elementos de la concertaci\u00f3n social&#8221;. El objetivo es evitar, en la medida de lo posible, los conflictos por el agua. En el sector hay muchos sectores involucrados con intereses diversos y no necesariamente confluyentes.<br \/>\nEn ese marco, Sameep desarrolla m\u00faltiples acciones para garantizar el acceso al agua potable, con obras de infraestructura que acercan a la universalizaci\u00f3n del servicio en el Chaco. A su vez, se impulsan programas y acciones que promuevan la educaci\u00f3n ambiental y el uso responsable del agua en la provincia.<br \/>\nComo empresa estatal a cargo de la producci\u00f3n de agua potable y saneamiento de la provincia del Chaco, Sameep tambi\u00e9n enmarca la fecha como una oportunidad para educar y sensibilizar sobre el agua en la salud, el desarrollo y en cada aspecto de las vidas de las personas.<br \/>\nLa conmemoraci\u00f3n del D\u00eda Interamericano del Agua, fecha instaurada en el marco del XXIII Congreso Interamericano de AIDIS de 1992, se origin\u00f3 con el objetivo de crear conciencia sobre el uso solidario del l\u00edquido vital.<br \/>\nPrograma Socioeducativo \u201cPor una cultura sostenible del agua\u201d<br \/>\nDesde la empresa se hace mucho hincapi\u00e9 en el cuidado del recurso y en este sentido, a trav\u00e9s del Programa Socioeducativo \u201cPor una cultura sostenible del agua\u201d, se concretan permanentemente jornadas de sensibilizaci\u00f3n en distintos puntos de la provincia, destinadas a estudiantes, profesionales y comunidad en general.<br \/>\nComo parte de la iniciativa, Sameep tambi\u00e9n entrega materiales did\u00e1cticos elaborados especialmente para fomentar la conciencia sobre la importancia de un uso responsable y sostenible del recurso h\u00eddrico.<br \/>\nLas jornadas de sensibilizaci\u00f3n buscan promover una cultura del agua en la comunidad, generando conciencia sobre la necesidad de cuidar y preservar este recurso vital.<br \/>\n&lt;<a href=\"http:\/\/www.avg.com\/email-signature?utm_medium=email&amp;utm_source=link&amp;utm_campaign=sig-email&amp;utm_content=webmail\">www.avg.com\/email-signature?utm_medium=email&amp;utm_source=link&amp;utm_campaign=sig-email&amp;utm_content=webmail<\/a>&gt; Libre de virus.www.avg.com &lt;<a href=\"http:\/\/www.avg.com\/email-signature?utm_medium=email&amp;utm_source=link&amp;utm_campaign=sig-email&amp;utm_content=webmail\">www.avg.com\/email-signature?utm_medium=email&amp;utm_source=link&amp;utm_campaign=sig-email&amp;utm_content=webmail<\/a>&gt; <\/div>\n","protected":false},"excerpt":{"rendered":"<p>El D\u00eda Interamericano del Agua, que se conmemora el primer s\u00e1bado de octubre, busca sensibilizar y concienciar a las personas sobre la importancia del recurso vital para la humanidad. El primer s\u00e1bado de octubre se conmemora el D\u00eda Interamericano del Agua, jornada que busca sensibilizar y concienciar a las personas, sobre lo valioso e importante [&hellip;]<\/p>\n","protected":false},"author":1,"featured_media":27702,"comment_status":"closed","ping_status":"closed","sticky":false,"template":"","format":"standard","meta":{"footnotes":""},"categories":[6],"tags":[],"class_list":{"0":"post-27701","1":"post","2":"type-post","3":"status-publish","4":"format-standard","5":"has-post-thumbnail","7":"category-chaco"},"_links":{"self":[{"href":"https:\/\/chacosintesis.com.ar\/index.php\/wp-json\/wp\/v2\/posts\/27701","targetHints":{"allow":["GET"]}}],"collection":[{"href":"https:\/\/chacosintesis.com.ar\/index.php\/wp-json\/wp\/v2\/posts"}],"about":[{"href":"https:\/\/chacosintesis.com.ar\/index.php\/wp-json\/wp\/v2\/types\/post"}],"author":[{"embeddable":true,"href":"https:\/\/chacosintesis.com.ar\/index.php\/wp-json\/wp\/v2\/users\/1"}],"replies":[{"embeddable":true,"href":"https:\/\/chacosintesis.com.ar\/index.php\/wp-json\/wp\/v2\/comments?post=27701"}],"version-history":[{"count":0,"href":"https:\/\/chacosintesis.com.ar\/index.php\/wp-json\/wp\/v2\/posts\/27701\/revisions"}],"wp:featuredmedia":[{"embeddable":true,"href":"https:\/\/chacosintesis.com.ar\/index.php\/wp-json\/wp\/v2\/media\/27702"}],"wp:attachment":[{"href":"https:\/\/chacosintesis.com.ar\/index.php\/wp-json\/wp\/v2\/media?parent=27701"}],"wp:term":[{"taxonomy":"category","embeddable":true,"href":"https:\/\/chacosintesis.com.ar\/index.php\/wp-json\/wp\/v2\/categories?post=27701"},{"taxonomy":"post_tag","embeddable":true,"href":"https:\/\/chacosintesis.com.ar\/index.php\/wp-json\/wp\/v2\/tags?post=27701"}],"curies":[{"name":"wp","href":"https:\/\/api.w.org\/{rel}","templated":true}]}}