{"id":27697,"date":"2023-10-06T20:55:02","date_gmt":"2023-10-06T23:55:02","guid":{"rendered":"https:\/\/chacosintesis.com.ar\/?p=27697"},"modified":"2023-10-06T21:08:36","modified_gmt":"2023-10-07T00:08:36","slug":"estudiantes-secundarios-chaquenos-participaron-del-encuentro-nacional-de-parlamento-juvenil-del-mercosur","status":"publish","type":"post","link":"https:\/\/chacosintesis.com.ar\/index.php\/estudiantes-secundarios-chaquenos-participaron-del-encuentro-nacional-de-parlamento-juvenil-del-mercosur\/","title":{"rendered":"Estudiantes secundarios chaque\u00f1os participaron del encuentro nacional de Parlamento Juvenil del Mercosur"},"content":{"rendered":"<div class=\"postie-post\">Con acompa\u00f1amiento del Ministerio de Educaci\u00f3n de la provincia, las y los alumnos, junto a sus pares de todo el pa\u00eds, elaboraron y dieron lectura a un documento nacional con propuestas sobre &#8220;la escuela secundaria que queremos&#8221;, para afianzar los v\u00ednculos estudiantiles, incentivar el aprendizaje y promover la participaci\u00f3n estudiantil.<br \/>\nDurante jueves y viernes, m\u00e1s de quince estudiantes de escuelas secundarias chaque\u00f1as participaron del 14\u00ba Encuentro Nacional del Parlamento Juvenil del Mercosur y 5\u00ba Encuentro Nacional de este programa para la modalidad Educaci\u00f3n J\u00f3venes y Adultos. Ambos espacios tienen el objetivo de elaborar propuestas sobre \u201cla escuela secundaria que queremos\u201d, informaron desde el Ministerio de Educaci\u00f3n de la Provincia.<br \/>\nDicho \u00e1mbito promueve la participaci\u00f3n estudiantil para afianzar los v\u00ednculos estudiantiles, incentivar el aprendizaje y generar los espacios democr\u00e1ticos para que las y los estudiantes sean escuchados. Este a\u00f1o el eje del debate se centr\u00f3 en los 40 a\u00f1os de democracia que conmemora Argentina.<br \/>\nCabe recordar que los y las representantes de Chaco fueron elegidas en el Encuentro Provincial del Parlamento Juvenil del Mercosur, realizado en agosto pasado en Presidencia Roque S\u00e1enz Pe\u00f1a, donde referentes estudiantiles y docentes de escuelas secundarias de toda la provincia debatieron sobre las mismas tem\u00e1ticas y elaboraron las propuestas a presentar en la instancia nacional para \u201cla escuela secundaria que queremos\u201d.<br \/>\nEn la C\u00e1mara de Diputados de la Naci\u00f3n<br \/>\nEste viernes, las y los j\u00f3venes cumplieron su rol de parlamentarias y parlamentarios representantes de las provincias de nuestro pa\u00eds ocupando las bancas en la Honorable C\u00e1mara de Diputados de la Naci\u00f3n \u2013en la Ciudad Aut\u00f3noma de Buenos Aires-, donde a trav\u00e9s del di\u00e1logo y el debate expusieron propuestas sobre las tem\u00e1ticas que atraviesan a la educaci\u00f3n y a la comunidad, tales como Educaci\u00f3n Sexual Integral (ESI) y G\u00e9nero; Educaci\u00f3n Ambiental; Comunicaci\u00f3n, Medios y Redes; Integraci\u00f3n Latinoamericana; Participaci\u00f3n Ciudadana; J\u00f3venes y Trabajo; Derechos Humanos e Inclusi\u00f3n Educativa.<br \/>\nEn representaci\u00f3n de Chaco fueron elegidos los delegados Tom\u00e1s Aquino, estudiante secundario de Villa \u00c1ngela, y Estefan\u00eda Sandoval, de Educaci\u00f3n para J\u00f3venes y Adultos de la misma localidad, para que realicen la lectura de los documentos finales.<br \/>\nEl director de Formaci\u00f3n y Participaci\u00f3n Ciudadana del Ministerio de Educaci\u00f3n, Cultura, Ciencia y Tecnolog\u00eda del Chaco, Samuel Salas, acompa\u00f1\u00f3 a la delegaci\u00f3n de estudiantes, manifestando el orgullo que siente por los chicos y las chicas al realizar esta tarea. \u201cFueron muy emocionantes las exposiciones de cada uno, y en todo momento de los planteos y debate las parlamentarias y los parlamentarios reivindicaron los 40 a\u00f1os de democracia, los 30 mil desaparecidos en la \u00faltima dictadura militar de 1976, recordando `La noche de los L\u00e1pices`, como denominaron a la noche del 16 de septiembre de ese a\u00f1o fat\u00eddico. Adem\u00e1s, un grupo de parlamentarios se manifest\u00f3 a favor del aumento del porcentaje del Producto Bruto Interno (PBI) del 6 al 8% para que se destine al presupuesto educativo\u201d, se\u00f1al\u00f3.<br \/>\nEl Encuentro completo puede verse en el canal de YouTube de la Honorable C\u00e1mara de Diputados de la Naci\u00f3n, y el documento nacional elaborado por los y las estudiantes en el encuentro puede leerse ingresando en el siguiente enlace: <a href=\"https:\/\/educacion.chaco.gob.ar\/2023\/10\/06\/estudiantes-representaron-al-chaco-en-encuentro-nacional-de-parlamento-juvenil-del-mercosur\/\">educacion.chaco.gob.ar\/2023\/10\/06\/estudiantes-representaron-al-chaco-en-encuentro-nacional-de-parlamento-juvenil-del-mercosur\/<\/a><br \/>\nSobre Parlamento Juvenil El Parlamento Juvenil del Mercosur es un espacio de participaci\u00f3n y formaci\u00f3n ciudadana destinado a estudiantes del nivel Secundario, para que ellos mismos construyan \u201cLa escuela secundaria que queremos\u201d. El programa, con implementaci\u00f3n en la provincia desde el a\u00f1o 2010, constituye un espacio de participaci\u00f3n de j\u00f3venes muy importante en el proceso de formaci\u00f3n ciudadana dentro de las instituciones escolares y en la comunidad. Lograr su profundizaci\u00f3n, favorece la posibilidad de encuentro entre pares para reflexionar, buscar y plantear soluciones en la b\u00fasqueda de propuestas a los desaf\u00edos que se presentan en la realidad educativa y en la sociedad.<br \/>\n&lt;<a href=\"http:\/\/www.avg.com\/email-signature?utm_medium=email&amp;utm_source=link&amp;utm_campaign=sig-email&amp;utm_content=webmail\">www.avg.com\/email-signature?utm_medium=email&amp;utm_source=link&amp;utm_campaign=sig-email&amp;utm_content=webmail<\/a>&gt; Libre de virus.www.avg.com &lt;<a href=\"http:\/\/www.avg.com\/email-signature?utm_medium=email&amp;utm_source=link&amp;utm_campaign=sig-email&amp;utm_content=webmail\">www.avg.com\/email-signature?utm_medium=email&amp;utm_source=link&amp;utm_campaign=sig-email&amp;utm_content=webmail<\/a>&gt; <\/div>\n","protected":false},"excerpt":{"rendered":"<p>Con acompa\u00f1amiento del Ministerio de Educaci\u00f3n de la provincia, las y los alumnos, junto a sus pares de todo el pa\u00eds, elaboraron y dieron lectura a un documento nacional con propuestas sobre &#8220;la escuela secundaria que queremos&#8221;, para afianzar los v\u00ednculos estudiantiles, incentivar el aprendizaje y promover la participaci\u00f3n estudiantil. Durante jueves y viernes, m\u00e1s [&hellip;]<\/p>\n","protected":false},"author":1,"featured_media":27698,"comment_status":"closed","ping_status":"closed","sticky":false,"template":"","format":"standard","meta":{"footnotes":""},"categories":[6],"tags":[],"class_list":{"0":"post-27697","1":"post","2":"type-post","3":"status-publish","4":"format-standard","5":"has-post-thumbnail","7":"category-chaco"},"_links":{"self":[{"href":"https:\/\/chacosintesis.com.ar\/index.php\/wp-json\/wp\/v2\/posts\/27697","targetHints":{"allow":["GET"]}}],"collection":[{"href":"https:\/\/chacosintesis.com.ar\/index.php\/wp-json\/wp\/v2\/posts"}],"about":[{"href":"https:\/\/chacosintesis.com.ar\/index.php\/wp-json\/wp\/v2\/types\/post"}],"author":[{"embeddable":true,"href":"https:\/\/chacosintesis.com.ar\/index.php\/wp-json\/wp\/v2\/users\/1"}],"replies":[{"embeddable":true,"href":"https:\/\/chacosintesis.com.ar\/index.php\/wp-json\/wp\/v2\/comments?post=27697"}],"version-history":[{"count":0,"href":"https:\/\/chacosintesis.com.ar\/index.php\/wp-json\/wp\/v2\/posts\/27697\/revisions"}],"wp:featuredmedia":[{"embeddable":true,"href":"https:\/\/chacosintesis.com.ar\/index.php\/wp-json\/wp\/v2\/media\/27698"}],"wp:attachment":[{"href":"https:\/\/chacosintesis.com.ar\/index.php\/wp-json\/wp\/v2\/media?parent=27697"}],"wp:term":[{"taxonomy":"category","embeddable":true,"href":"https:\/\/chacosintesis.com.ar\/index.php\/wp-json\/wp\/v2\/categories?post=27697"},{"taxonomy":"post_tag","embeddable":true,"href":"https:\/\/chacosintesis.com.ar\/index.php\/wp-json\/wp\/v2\/tags?post=27697"}],"curies":[{"name":"wp","href":"https:\/\/api.w.org\/{rel}","templated":true}]}}