{"id":27691,"date":"2023-10-06T20:40:40","date_gmt":"2023-10-06T23:40:40","guid":{"rendered":"https:\/\/chacosintesis.com.ar\/?p=27691"},"modified":"2023-10-06T21:08:25","modified_gmt":"2023-10-07T00:08:25","slug":"ultiman-detalles-para-la-inauguracion-del-centro-de-educacion-fisica-n1-de-resistencia","status":"publish","type":"post","link":"https:\/\/chacosintesis.com.ar\/index.php\/ultiman-detalles-para-la-inauguracion-del-centro-de-educacion-fisica-n1-de-resistencia\/","title":{"rendered":"Ultiman detalles para la inauguraci\u00f3n del Centro de Educaci\u00f3n F\u00edsica N\u00b01 de Resistencia"},"content":{"rendered":"<div class=\"postie-post\">Ubicado en el parque 2 de Febrero, sobre avenida Lavalle al 700, el complejo concentrar\u00e1 las instituciones deportivo-educativas de mayor referencia, con estadio cubierto, gimnasios, aulas y oficinas. Con las \u00faltimas refacciones, se convertir\u00e1 en el m\u00e1s grande de su tipo en la provincia.<br \/>\nEl gobierno provincial, a trav\u00e9s del Ministerio de Planificaci\u00f3n, Econom\u00eda e Infraestructura, lleva adelante la refacci\u00f3n integral del Centro de Educaci\u00f3n F\u00edsica N\u00b01 con un presupuesto de $1.044.662.675 en dos etapas. Se trata de una de las inversiones m\u00e1s importantes de infraestructura deportiva.<br \/>\nLocalizado en el Parque 2 de Febrero, sobre avenida Lavalle al 700, el CEF N\u00b01 concentrar\u00e1 las instituciones deportivo-educativas de mayor referencia, con estadio cubierto, gimnasios, aulas y oficinas. En el predio funcionar\u00e1 el Instituto de Educaci\u00f3n Superior de Educaci\u00f3n F\u00edsica (IESEF), la Fundaci\u00f3n Deportiva Social Chaco (DESOCHA), la sede de la Liga Chaque\u00f1a de F\u00fatbol y otras federaciones deportivas.<br \/>\n\u201cSer\u00e1 una obra emblem\u00e1tica para Resistencia, que marca un legado en la gesti\u00f3n y a lo que sumamos la construcci\u00f3n del CEF N\u00b02 en S\u00e1enz Pe\u00f1a. La inversi\u00f3n en infraestructura deportiva a nivel provincial este a\u00f1o asciende a 17 mil millones de pesos distribuidos en 500 instituciones y centros, entendiendo que invertir en deporte es promover la salud y la inclusi\u00f3n&#8221;, enfatiz\u00f3 el ministro de Planificaci\u00f3n, Econom\u00eda e Infraestructura Santiago P\u00e9rez Pons.<br \/>\nLas obras contemplaron tres gimnasios y sus respectivos sanitarios, piscina semiol\u00edmpica y piscina para rehabilitaci\u00f3n, consultorio de kinesiolog\u00eda, sala de primeros auxilios, dep\u00f3sitos de insumos deportivos, guarder\u00eda infantil para hijas e hijos del alumnado y docentes, biblioteca, auditorio y bar-cantina.<\/p>\n<p>Refacciones, ampliaciones y nuevos espacios<\/p>\n<p> En el gimnasio N\u00b01 se avanz\u00f3 en una ampliaci\u00f3n para convertirlo en un imponente estadio cubierto con capacidad de hasta dos mil espectadoras y espectadores sentados, adecuando las medidas reglamentarias de su cancha y dot\u00e1ndolo de los servicios necesarios para su uso en competencias internacionales de b\u00e1squet y v\u00f3ley.<br \/>\nEn el gimnasio N\u00b02 se concret\u00f3 el mantenimiento y puesta en valor del piso de parquet existente y la cubierta, adem\u00e1s de reformas en los sanitarios existentes. A su vez, en el gimnasio N\u00b03 se llev\u00f3 adelante el mantenimiento, renovaci\u00f3n de cielorrasos y readecuaci\u00f3n de los ingresos.<br \/>\nPara el IESEF se proyect\u00f3 la construcci\u00f3n de un edificio nuevo, con oficinas administrativas en la planta baja y aulas distribuidas en primer y segundo nivel. Cada uno de los niveles cuenta con sus respectivos servicios (bater\u00edas de ba\u00f1os, oficinas y dep\u00f3sitos).<br \/>\n&#8220;Este Centro de Educaci\u00f3n F\u00edsica, es una obra educativa, principalmente porque estas instalaciones las van a poder utilizar las chicas y chicos de todos los colegios y futuros profesionales que van a poder contar con este espacio&#8221;, resalt\u00f3 el ministro P\u00e9rez Pons.<br \/>\nAsimismo, el complejo contar\u00e1 con todas las condiciones de accesibilidad en su ingreso e instalaciones.<br \/>\nCEF N\u00b02 en S\u00e1enz Pe\u00f1a<\/p>\n<p>El CEF N\u00b0 2 demand\u00f3 una inversi\u00f3n de $591.997.246 financiada por el Ministerio de Planificaci\u00f3n, Econom\u00eda e Infraestructura. Con una matr\u00edcula de 600 estudiantes en los tres turnos, la renovada infraestructura cuenta ahora con cancha para distintas disciplinas, pileta de nataci\u00f3n, \u00e1rea administrativa y todo el equipamiento correspondiente. El mismo lleva el nombre de \u201cEmilio Schmoker\u201d en homenaje al fallecido profesor de Educaci\u00f3n F\u00edsica con larga trayectoria en la ciudad termal.<br \/>\nLa nueva infraestructura cuenta con cancha de hockey y de f\u00fatbol 5, pista de atletismo, play\u00f3n multicancha cubierta (b\u00e1squet, h\u00e1ndbol y v\u00f3ley), gimnasio para gimnasia art\u00edstica y alto rendimiento, pileta de 12.50 metros x 5 (2 carriles), dos canchas de beach v\u00f3ley, dep\u00f3sitos, vestuarios y ba\u00f1os, \u00e1rea administrativa (direcci\u00f3n, secretar\u00eda y sala de reuniones), adem\u00e1s de estacionamiento y cerramiento de todo el predio. Tambi\u00e9n fue provisto con el equipamiento deportivo correspondiente (aros m\u00f3viles de b\u00e1squet, redes y arcos de f\u00fatbol 5, entre otros).<br \/>\n\u201cEs un Centro de Educaci\u00f3n F\u00edsica de excelente calidad para todas y todos los saenzpe\u00f1enses, desde el gobierno provincial apostamos profundamente a la educaci\u00f3n p\u00fablica y a los derechos de las y los j\u00f3venes, este tipo de obras son ahora un patrimonio para toda la comunidad\u201d, concluy\u00f3 P\u00e9rez Pons.<br \/>\n<<a href=\"http:\/\/www.avg.com\/email-signature?utm_medium=email&#038;utm_source=link&#038;utm_campaign=sig-email&#038;utm_content=webmail\">www.avg.com\/email-signature?utm_medium=email&amp;utm_source=link&amp;utm_campaign=sig-email&amp;utm_content=webmail<\/a>> Libre de virus.www.avg.com <<a href=\"http:\/\/www.avg.com\/email-signature?utm_medium=email&#038;utm_source=link&#038;utm_campaign=sig-email&#038;utm_content=webmail\">www.avg.com\/email-signature?utm_medium=email&amp;utm_source=link&amp;utm_campaign=sig-email&amp;utm_content=webmail<\/a>> <#DAB4FAD8-2DD7-40BB-A1B8-4E2AA1F9FDF2><\/div>\n","protected":false},"excerpt":{"rendered":"<p>Ubicado en el parque 2 de Febrero, sobre avenida Lavalle al 700, el complejo concentrar\u00e1 las instituciones deportivo-educativas de mayor referencia, con estadio cubierto, gimnasios, aulas y oficinas. Con las \u00faltimas refacciones, se convertir\u00e1 en el m\u00e1s grande de su tipo en la provincia. El gobierno provincial, a trav\u00e9s del Ministerio de Planificaci\u00f3n, Econom\u00eda e [&hellip;]<\/p>\n","protected":false},"author":1,"featured_media":27692,"comment_status":"closed","ping_status":"closed","sticky":false,"template":"","format":"standard","meta":{"footnotes":""},"categories":[6],"tags":[],"class_list":{"0":"post-27691","1":"post","2":"type-post","3":"status-publish","4":"format-standard","5":"has-post-thumbnail","7":"category-chaco"},"_links":{"self":[{"href":"https:\/\/chacosintesis.com.ar\/index.php\/wp-json\/wp\/v2\/posts\/27691","targetHints":{"allow":["GET"]}}],"collection":[{"href":"https:\/\/chacosintesis.com.ar\/index.php\/wp-json\/wp\/v2\/posts"}],"about":[{"href":"https:\/\/chacosintesis.com.ar\/index.php\/wp-json\/wp\/v2\/types\/post"}],"author":[{"embeddable":true,"href":"https:\/\/chacosintesis.com.ar\/index.php\/wp-json\/wp\/v2\/users\/1"}],"replies":[{"embeddable":true,"href":"https:\/\/chacosintesis.com.ar\/index.php\/wp-json\/wp\/v2\/comments?post=27691"}],"version-history":[{"count":0,"href":"https:\/\/chacosintesis.com.ar\/index.php\/wp-json\/wp\/v2\/posts\/27691\/revisions"}],"wp:featuredmedia":[{"embeddable":true,"href":"https:\/\/chacosintesis.com.ar\/index.php\/wp-json\/wp\/v2\/media\/27692"}],"wp:attachment":[{"href":"https:\/\/chacosintesis.com.ar\/index.php\/wp-json\/wp\/v2\/media?parent=27691"}],"wp:term":[{"taxonomy":"category","embeddable":true,"href":"https:\/\/chacosintesis.com.ar\/index.php\/wp-json\/wp\/v2\/categories?post=27691"},{"taxonomy":"post_tag","embeddable":true,"href":"https:\/\/chacosintesis.com.ar\/index.php\/wp-json\/wp\/v2\/tags?post=27691"}],"curies":[{"name":"wp","href":"https:\/\/api.w.org\/{rel}","templated":true}]}}