{"id":27685,"date":"2023-10-06T07:44:56","date_gmt":"2023-10-06T10:44:56","guid":{"rendered":"https:\/\/chacosintesis.com.ar\/?p=27685"},"modified":"2023-10-06T08:06:47","modified_gmt":"2023-10-06T11:06:47","slug":"zdero-en-quitilipipatricia-bullrich-es-la-mujer-coraje-que-la-argentina-necesita","status":"publish","type":"post","link":"https:\/\/chacosintesis.com.ar\/index.php\/zdero-en-quitilipipatricia-bullrich-es-la-mujer-coraje-que-la-argentina-necesita\/","title":{"rendered":"Zdero en Quitilipi:&#8221;Patricia Bullrich es la mujer coraje que la Argentina necesita&#8221;"},"content":{"rendered":"<div class=\"postie-post\">El gobernador electo Leandro Zdero junto al Intendente Ariel \u201cQuitito\u201d Lovey, mantuvieron esta ma\u00f1ana una reuni\u00f3n con las instituciones locales para escuchar las demandas y coordinar acciones a futuro que permitan mejorar la calidad de vida de las personas. \u201cSeguimos muy cerca de la gente, fortaleciendo el trabajo con las instituciones aqu\u00ed en Quitilipi, en una convocatoria que se ha desbordado con la participaci\u00f3n de muchos sectores y esto habla claramente de un gobierno de puertas abiertas, para resolver los problemas y no suponerlos detr\u00e1s de un escritorio\u201d- expres\u00f3 Zdero.<\/p>\n<p>El encuentro se desarroll\u00f3 en el Centro Cultural de Quitilipi que permiti\u00f3 adem\u00e1s exponer las realidades de cada instituci\u00f3n y destacar las tareas que llevan actualmente. \u201cPara m\u00ed, es importante acompa\u00f1ar a \u201cQuitito\u201d Lovey quien va a ser nuevamente el pr\u00f3ximo intendente el 5 de noviembre y concluimos la recorrida con un marco multitudinario en la Sociedad Rural, con muchos que se comprometen en acompa\u00f1ar tambi\u00e9n a Patricia, el 22 de octubre, y trabajar por ella que tiene los pies sobre la tierra, es la mujer coraje que la Argentina necesita, entiende de federalismo y puede ayudarnos a resolver los problemas con propuestas y equipos concretos\u201d- agreg\u00f3 Zdero.<\/p>\n<p>Acompa\u00f1aron al gobernador electo Leandro Zdero, en esta oportunidad, el Senador V\u00edctor Zimmermann; los candidatos a diputados nacionales: Gerardo Cipolini, Carolina Meiri\u00f1o, Carlos Favar\u00f3n y Delfina Veirav\u00e9 (Parlasur) como as\u00ed tambi\u00e9n, los diputados provinciales electos Carmen Britto, Ivan G\u00ffoker, Maida With y Livio Guti\u00e9rrez; dirigentes provinciales y locales de Juntos por el Cambio.<\/p><\/div>\n","protected":false},"excerpt":{"rendered":"<p>El gobernador electo Leandro Zdero junto al Intendente Ariel \u201cQuitito\u201d Lovey, mantuvieron esta ma\u00f1ana una reuni\u00f3n con las instituciones locales para escuchar las demandas y coordinar acciones a futuro que permitan mejorar la calidad de vida de las personas. \u201cSeguimos muy cerca de la gente, fortaleciendo el trabajo con las instituciones aqu\u00ed en Quitilipi, en [&hellip;]<\/p>\n","protected":false},"author":1,"featured_media":27686,"comment_status":"closed","ping_status":"closed","sticky":false,"template":"","format":"standard","meta":{"footnotes":""},"categories":[6],"tags":[],"class_list":{"0":"post-27685","1":"post","2":"type-post","3":"status-publish","4":"format-standard","5":"has-post-thumbnail","7":"category-chaco"},"_links":{"self":[{"href":"https:\/\/chacosintesis.com.ar\/index.php\/wp-json\/wp\/v2\/posts\/27685","targetHints":{"allow":["GET"]}}],"collection":[{"href":"https:\/\/chacosintesis.com.ar\/index.php\/wp-json\/wp\/v2\/posts"}],"about":[{"href":"https:\/\/chacosintesis.com.ar\/index.php\/wp-json\/wp\/v2\/types\/post"}],"author":[{"embeddable":true,"href":"https:\/\/chacosintesis.com.ar\/index.php\/wp-json\/wp\/v2\/users\/1"}],"replies":[{"embeddable":true,"href":"https:\/\/chacosintesis.com.ar\/index.php\/wp-json\/wp\/v2\/comments?post=27685"}],"version-history":[{"count":0,"href":"https:\/\/chacosintesis.com.ar\/index.php\/wp-json\/wp\/v2\/posts\/27685\/revisions"}],"wp:featuredmedia":[{"embeddable":true,"href":"https:\/\/chacosintesis.com.ar\/index.php\/wp-json\/wp\/v2\/media\/27686"}],"wp:attachment":[{"href":"https:\/\/chacosintesis.com.ar\/index.php\/wp-json\/wp\/v2\/media?parent=27685"}],"wp:term":[{"taxonomy":"category","embeddable":true,"href":"https:\/\/chacosintesis.com.ar\/index.php\/wp-json\/wp\/v2\/categories?post=27685"},{"taxonomy":"post_tag","embeddable":true,"href":"https:\/\/chacosintesis.com.ar\/index.php\/wp-json\/wp\/v2\/tags?post=27685"}],"curies":[{"name":"wp","href":"https:\/\/api.w.org\/{rel}","templated":true}]}}