{"id":27679,"date":"2023-10-05T18:22:38","date_gmt":"2023-10-05T21:22:38","guid":{"rendered":"https:\/\/chacosintesis.com.ar\/?p=27679"},"modified":"2023-10-05T18:37:40","modified_gmt":"2023-10-05T21:37:40","slug":"el-proximo-lunes-comenzara-a-operar-el-frigorifico-mocovi","status":"publish","type":"post","link":"https:\/\/chacosintesis.com.ar\/index.php\/el-proximo-lunes-comenzara-a-operar-el-frigorifico-mocovi\/","title":{"rendered":"El pr\u00f3ximo lunes, comenzar\u00e1 a operar el Frigor\u00edfico Mocov\u00ed"},"content":{"rendered":"<div class=\"postie-post\">As\u00ed lo confirm\u00f3 el titular de la firma, Majed Mohanna, quien insisti\u00f3 en que el objetivo es llegar con carne chaque\u00f1a \u201cal mundo\u201d. \u201cEstamos superando las \u00faltimas trabas burocr\u00e1ticas e inconvenientes t\u00e9cnicos, pero vinimos para dignificar al pueblo chaque\u00f1o con trabajo genuino\u201d, asegur\u00f3. Ratific\u00f3 que, para fin de a\u00f1o, ser\u00e1n m\u00e1s de 200 los trabajadores incorporados y apunt\u00f3: \u201cespero que el pr\u00f3ximo Gobierno est\u00e9 a la altura de las circunstancias\u201d.<br \/>\nEl titular del frigor\u00edfico Mocov\u00ed, Majed Mohanna, asegur\u00f3 que, superados algunos inconvenientes t\u00e9cnicos y con los requisitos burocr\u00e1ticos \u201cbien encaminados\u201d, la planta comenzar\u00e1 a faenar \u201ca partir del pr\u00f3ximo lunes\u201d. El emprendimiento, cuyo predio est\u00e1 ubicado en cercan\u00edas de Puerto Tirol, con capacidad y caracter\u00edstica de exportaci\u00f3n \u00fanica en la regi\u00f3n del nordeste argentino.<br \/>\nTras una inversi\u00f3n que super\u00f3 los 2 millones de d\u00f3lares, la reapertura oficial se concret\u00f3 durante los primeros d\u00edas de septiembre y si bien era inminente el inicio de las actividades, surgieron imprevistos que impidieron comenzar a producir.<br \/>\nEn declaraciones a Radio Provincia, Mohanna advirti\u00f3 que la firma sufri\u00f3 \u201cun boicot, por lo que se realiz\u00f3 la denuncia ante los organismos pertinentes y la polic\u00eda\u201d. \u201cMe han boicoteado la electricidad, las m\u00e1quinas, y eso hizo que hoy estemos en demora para poder faenar\u201d, subray\u00f3.<br \/>\nEn ese contexto, remarc\u00f3 que la seguridad del trabajador \u201ces prioridad\u201d y, por caso, hab\u00eda m\u00e1quinas \u201csin la puesta a tierra\u201d.<br \/>\nDe todas maneras, el empresario remarc\u00f3 que el domingo, estar\u00e1 arribando la primera jaula de ganado, y el lunes \u201cestamos iniciando la faena para que nunca m\u00e1s pare\u201d.<br \/>\nA la vez, el titular del frigor\u00edfico desminti\u00f3 las versiones que indicaban un supuesto retraso en el pago de sueldo a los trabajadores. \u201cTodos los trabajadores que hemos contratado est\u00e1n al d\u00eda, estamos pagando en forma semanal, tanto el personal de limpieza como el de mantenimiento, est\u00e1n todos al d\u00eda:  pueden llamar y consultar a todos\u201d, remarc\u00f3.<br \/>\nEl empresario indic\u00f3 adem\u00e1s que \u201chay cuestiones burocr\u00e1ticas de SENASA y de otros organismos que emiten permisos de tr\u00e1nsito provincial y luego federal; reci\u00e9n ah\u00ed estamos en condiciones de salir al mundo, pero a partir de este mes de octubre trabajaremos a media m\u00e1quina, pero con todos los empleados con los sueldos al d\u00eda\u201d.<br \/>\nMohanna estim\u00f3 que la producci\u00f3n comenzar\u00e1 enviando carne chaque\u00f1a, al pueblo brasilero, que es el \u201cprimer cliente\u201d, y luego ir\u00e1 aumentando gradualmente para salir hacia Medio Oriente, M\u00e9xico y \u00c1frica. \u201cTengo clientes esperando la faena, as\u00ed que vamos a trabajar para dignificar a la gente, a los trabajadores chaque\u00f1os\u201d, asegur\u00f3.<br \/>\nProyecci\u00f3n inmediata<br \/>\nDe cara al inicio de las acciones y las perspectivas de crecimiento, el titular del frigor\u00edfico Mocov\u00ed insisti\u00f3 en que \u201cvamos a llegar en diciembre con unos doscientos cincuenta trabajadores \u00b4en blanco\u00b4 trabajando en el frigor\u00edfico\u201d. \u201cDir\u00eda que me quedo corto porque se estima que cada animal faenado requiere de un trabajador y nuestra proyecci\u00f3n es estar en los trescientos o cuatrocientos animales diarios\u201d, sum\u00f3.<br \/>\nPor estas horas, las instalaciones no est\u00e1n en condiciones de responder a esa demanda, pero se est\u00e1n encarando las obras de ampliaci\u00f3n, que culminar\u00edan en noviembre y eso permitir\u00e1 que, hacia fin de a\u00f1o, la planta trabaje a plena potencia.<br \/>\nAsimismo, Mohanna remarc\u00f3 que, para la provisi\u00f3n de animales se tendr\u00e1 en cuenta a los hacendados chaque\u00f1os. \u201cHoy, los productores chaque\u00f1os est\u00e1n perdiendo dinero por el alto costo de flete que est\u00e1n pagando para enviar su ganado a otras provincias; nosotros somos un frigor\u00edfico netamente exportador y vamos a consumir mucho ganado, as\u00ed que vamos a priorizar a esos productores locales\u201d, estim\u00f3.<br \/>\nCambio de gobierno<br \/>\nDesde un primer momento, el empresario vincul\u00f3 su desembarco en el Chaco a las pol\u00edticas de radicaci\u00f3n de industrias promovidas por la gesti\u00f3n actual, que culminar\u00e1 el 10 de diciembre, tal como se resolviera en las \u00faltimas elecciones generales con el triunfo en las urnas de la propuesta de Juntos por el Cambio.<br \/>\nDe cara a este nuevo escenario, Mohanna consider\u00f3: \u201cno creo que haya un gobernador que no vaya a pensar en el pueblo: el pueblo dijo que quiere hacer un cambio de bandera pol\u00edtica y esperemos que el nuevo gobernador sea acorde y est\u00e9 a la altura de la decisi\u00f3n del pueblo chaque\u00f1o\u201d. \u201cPor lo tanto, yo me pongo a disposici\u00f3n de cualquier funcionario entrante para aportar ideas y poder dignificar al pueblo chaque\u00f1o, pero hasta el momento no he recibido ning\u00fan acercamiento\u201d, asegur\u00f3.<br \/>\n &lt;<a href=\"http:\/\/www.avg.com\/email-signature?utm_medium=email&amp;utm_source=link&amp;utm_campaign=sig-email&amp;utm_content=webmail\">www.avg.com\/email-signature?utm_medium=email&amp;utm_source=link&amp;utm_campaign=sig-email&amp;utm_content=webmail<\/a>&gt; Libre de virus.www.avg.com &lt;<a href=\"http:\/\/www.avg.com\/email-signature?utm_medium=email&amp;utm_source=link&amp;utm_campaign=sig-email&amp;utm_content=webmail\">www.avg.com\/email-signature?utm_medium=email&amp;utm_source=link&amp;utm_campaign=sig-email&amp;utm_content=webmail<\/a>&gt; <\/div>\n","protected":false},"excerpt":{"rendered":"<p>As\u00ed lo confirm\u00f3 el titular de la firma, Majed Mohanna, quien insisti\u00f3 en que el objetivo es llegar con carne chaque\u00f1a \u201cal mundo\u201d. \u201cEstamos superando las \u00faltimas trabas burocr\u00e1ticas e inconvenientes t\u00e9cnicos, pero vinimos para dignificar al pueblo chaque\u00f1o con trabajo genuino\u201d, asegur\u00f3. Ratific\u00f3 que, para fin de a\u00f1o, ser\u00e1n m\u00e1s de 200 los trabajadores [&hellip;]<\/p>\n","protected":false},"author":1,"featured_media":27680,"comment_status":"closed","ping_status":"closed","sticky":false,"template":"","format":"standard","meta":{"footnotes":""},"categories":[6],"tags":[],"class_list":{"0":"post-27679","1":"post","2":"type-post","3":"status-publish","4":"format-standard","5":"has-post-thumbnail","7":"category-chaco"},"_links":{"self":[{"href":"https:\/\/chacosintesis.com.ar\/index.php\/wp-json\/wp\/v2\/posts\/27679","targetHints":{"allow":["GET"]}}],"collection":[{"href":"https:\/\/chacosintesis.com.ar\/index.php\/wp-json\/wp\/v2\/posts"}],"about":[{"href":"https:\/\/chacosintesis.com.ar\/index.php\/wp-json\/wp\/v2\/types\/post"}],"author":[{"embeddable":true,"href":"https:\/\/chacosintesis.com.ar\/index.php\/wp-json\/wp\/v2\/users\/1"}],"replies":[{"embeddable":true,"href":"https:\/\/chacosintesis.com.ar\/index.php\/wp-json\/wp\/v2\/comments?post=27679"}],"version-history":[{"count":0,"href":"https:\/\/chacosintesis.com.ar\/index.php\/wp-json\/wp\/v2\/posts\/27679\/revisions"}],"wp:featuredmedia":[{"embeddable":true,"href":"https:\/\/chacosintesis.com.ar\/index.php\/wp-json\/wp\/v2\/media\/27680"}],"wp:attachment":[{"href":"https:\/\/chacosintesis.com.ar\/index.php\/wp-json\/wp\/v2\/media?parent=27679"}],"wp:term":[{"taxonomy":"category","embeddable":true,"href":"https:\/\/chacosintesis.com.ar\/index.php\/wp-json\/wp\/v2\/categories?post=27679"},{"taxonomy":"post_tag","embeddable":true,"href":"https:\/\/chacosintesis.com.ar\/index.php\/wp-json\/wp\/v2\/tags?post=27679"}],"curies":[{"name":"wp","href":"https:\/\/api.w.org\/{rel}","templated":true}]}}