{"id":27677,"date":"2023-10-05T18:20:34","date_gmt":"2023-10-05T21:20:34","guid":{"rendered":"https:\/\/chacosintesis.com.ar\/?p=27677"},"modified":"2023-10-05T18:37:37","modified_gmt":"2023-10-05T21:37:37","slug":"ecom-chaco-celebra-46-anos-de-vida-institucional-con-metas-y-objetivos-concluidos","status":"publish","type":"post","link":"https:\/\/chacosintesis.com.ar\/index.php\/ecom-chaco-celebra-46-anos-de-vida-institucional-con-metas-y-objetivos-concluidos\/","title":{"rendered":"ECOM Chaco celebra 46 a\u00f1os de vida institucional con metas y objetivos concluidos"},"content":{"rendered":"<div class=\"postie-post\">\u201cEs un capital muy importante contar en la provincia con una empresa de estas caracter\u00edsticas\u201d, destac\u00f3 el presidente del Directorio, Lucas Vel\u00e1zquez.<br \/>\nLa empresa Ecom Chaco SA, l\u00edder en comunicaciones a nivel regional, celebra su hoy 46\u00b0 aniversario. En la ocasi\u00f3n, su presidente Lucas Vel\u00e1zquez dialog\u00f3 con Chaco TV y expres\u00f3: \u201cEstamos finalizando una gesti\u00f3n iniciada con el gobernador Jorge Capitanich a partir del a\u00f1o 2019, acompa\u00f1ando el proceso de crecimiento exponencial, en estos \u00faltimos cuatro a\u00f1os, en cuanto a infraestructura y fibra \u00f3ptica\u201d.<br \/>\n\u201cAcompa\u00f1amos tambi\u00e9n el proceso de pandemia y digitalizaci\u00f3n con una pol\u00edtica p\u00fablica provincial de digitalizaci\u00f3n de la administraci\u00f3n donde la empresa estuvo prestando los servicios\u201d, manifest\u00f3 Vel\u00e1zquez. \u201cVemos concluidas las metas y objetivos con las cuales iniciamos\u201d, destac\u00f3.<br \/>\n\u201cEcom a lo largo del tiempo fue acompa\u00f1ando todo el proceso de tecnolog\u00eda y avance tecnol\u00f3gico de la sociedad en su conjunto, dando servicios a la comunidad de Chaco\u201d, cont\u00f3 Vel\u00e1zquez y agreg\u00f3: \u201cese crecimiento incluye tambi\u00e9n el nacimiento de los medios p\u00fablicos Chaco Tv, Radio Provincial del Chaco y Agencia Foco\u201d.<br \/>\nAdem\u00e1s, el presidente de Ecom remarc\u00f3 que \u201ces una empresa que depende mucho de los recursos humanos porque se basa en el conocimiento; es un capital muy importante contar en la provincia con una empresa de estas caracter\u00edsticas\u201d. \u201cGracias a eso pudimos llevar a cabo los desaf\u00edos que se plantearon\u201d, enfatiz\u00f3.<br \/>\n\u201cHay un desaf\u00edo muy importante por delante que tiene que ver con las comunicaciones y la conectividad en particular; en lugares del interior provincial uno palpa la importancia de las comunicaciones y es ah\u00ed donde se ve lo que es intangible en la empresa y es gratificante\u201d, destac\u00f3 Vel\u00e1zquez. \u201cHace poco vimos el \u00faltimo informe del INDEC, donde muestra que el incremento relativo de la provincia del Chaco fue una de las mejores respecto a la media, quiere decir que este trabajo tiene su impacto directo\u201d, concluy\u00f3.<\/p>\n<p>En primera persona<br \/>\nPor su parte, Javier Dusek, gerente de Telecomunicaciones cont\u00f3: \u201cComenc\u00e9 a trabajar en la empresa hace 23 a\u00f1os, mi tarea es coordinar las actividades de las distintas \u00e1reas t\u00e9cnicas\u201d. \u201cCuando empec\u00e9 no hab\u00eda internet, por ejemplo\u201d, record\u00f3.<br \/>\n\u201cUno de los primeros proyectos fue la instalaci\u00f3n de los servicios de internet en la empresa; luego tuve la oportunidad de trabajar en el proyecto Argentina Conectada para desplegar la primera red de fibra \u00f3ptica sobre la provincia, un proyecto muy grande y que tuvo un impacto social, econ\u00f3mico y educativo\u201d, detall\u00f3 Dusek. \u201cNos hizo sentir muy orgullosos\u201d, manifest\u00f3.<br \/>\nAsimismo, Silvia Rodas, trabajadora del \u00e1rea de Desarrollo de Software mencion\u00f3: \u201cIngres\u00e9 cuando estaba terminando la secundaria, muy joven y con muchas ganas de mi primer trabajo\u201d. \u201cEmpec\u00e9 trabajando en un sistema de instalaci\u00f3n de m\u00e1quinas de juego para Loter\u00eda Chaque\u00f1a y fui pasando por distintos sectores, a medida que iba adquiriendo experiencia y aprendiendo cosas nuevas\u201d, agreg\u00f3.<br \/>\nA su turno, Mat\u00edas Miro, jefe de Infraestructura, Seguridad e Higiene, coment\u00f3 que su tarea es \u201csalvaguardar la parte de seguridad e higiene de la empresa y realizar mantenimiento a los nodos de fibra \u00f3ptica y enlaces de aire\u201d. \u201cLo que m\u00e1s te impacta es llegar a distintas localidades, zonas, parajes, donde la conectividad se convirti\u00f3 en un derecho y gracias a ello pueden acceder a estudiar, por ejemplo. Cambiar ese tipo de realidades es lo que nos motiva a seguir en ese camino\u201d, expres\u00f3.<br \/>\n&lt;<a href=\"http:\/\/www.avg.com\/email-signature?utm_medium=email&amp;utm_source=link&amp;utm_campaign=sig-email&amp;utm_content=webmail\">www.avg.com\/email-signature?utm_medium=email&amp;utm_source=link&amp;utm_campaign=sig-email&amp;utm_content=webmail<\/a>&gt; Libre de virus.www.avg.com &lt;<a href=\"http:\/\/www.avg.com\/email-signature?utm_medium=email&amp;utm_source=link&amp;utm_campaign=sig-email&amp;utm_content=webmail\">www.avg.com\/email-signature?utm_medium=email&amp;utm_source=link&amp;utm_campaign=sig-email&amp;utm_content=webmail<\/a>&gt; <\/div>\n","protected":false},"excerpt":{"rendered":"<p>\u201cEs un capital muy importante contar en la provincia con una empresa de estas caracter\u00edsticas\u201d, destac\u00f3 el presidente del Directorio, Lucas Vel\u00e1zquez. La empresa Ecom Chaco SA, l\u00edder en comunicaciones a nivel regional, celebra su hoy 46\u00b0 aniversario. En la ocasi\u00f3n, su presidente Lucas Vel\u00e1zquez dialog\u00f3 con Chaco TV y expres\u00f3: \u201cEstamos finalizando una gesti\u00f3n [&hellip;]<\/p>\n","protected":false},"author":1,"featured_media":27678,"comment_status":"closed","ping_status":"closed","sticky":false,"template":"","format":"standard","meta":{"footnotes":""},"categories":[6],"tags":[],"class_list":{"0":"post-27677","1":"post","2":"type-post","3":"status-publish","4":"format-standard","5":"has-post-thumbnail","7":"category-chaco"},"_links":{"self":[{"href":"https:\/\/chacosintesis.com.ar\/index.php\/wp-json\/wp\/v2\/posts\/27677","targetHints":{"allow":["GET"]}}],"collection":[{"href":"https:\/\/chacosintesis.com.ar\/index.php\/wp-json\/wp\/v2\/posts"}],"about":[{"href":"https:\/\/chacosintesis.com.ar\/index.php\/wp-json\/wp\/v2\/types\/post"}],"author":[{"embeddable":true,"href":"https:\/\/chacosintesis.com.ar\/index.php\/wp-json\/wp\/v2\/users\/1"}],"replies":[{"embeddable":true,"href":"https:\/\/chacosintesis.com.ar\/index.php\/wp-json\/wp\/v2\/comments?post=27677"}],"version-history":[{"count":0,"href":"https:\/\/chacosintesis.com.ar\/index.php\/wp-json\/wp\/v2\/posts\/27677\/revisions"}],"wp:featuredmedia":[{"embeddable":true,"href":"https:\/\/chacosintesis.com.ar\/index.php\/wp-json\/wp\/v2\/media\/27678"}],"wp:attachment":[{"href":"https:\/\/chacosintesis.com.ar\/index.php\/wp-json\/wp\/v2\/media?parent=27677"}],"wp:term":[{"taxonomy":"category","embeddable":true,"href":"https:\/\/chacosintesis.com.ar\/index.php\/wp-json\/wp\/v2\/categories?post=27677"},{"taxonomy":"post_tag","embeddable":true,"href":"https:\/\/chacosintesis.com.ar\/index.php\/wp-json\/wp\/v2\/tags?post=27677"}],"curies":[{"name":"wp","href":"https:\/\/api.w.org\/{rel}","templated":true}]}}