{"id":27675,"date":"2023-10-05T18:18:39","date_gmt":"2023-10-05T21:18:39","guid":{"rendered":"https:\/\/chacosintesis.com.ar\/?p=27675"},"modified":"2023-10-05T18:37:34","modified_gmt":"2023-10-05T21:37:34","slug":"sabado-de-cultiva-y-almacen-popular-en-el-patio-cecualero","status":"publish","type":"post","link":"https:\/\/chacosintesis.com.ar\/index.php\/sabado-de-cultiva-y-almacen-popular-en-el-patio-cecualero\/","title":{"rendered":"S\u00e1bado de Cultiva y Almac\u00e9n Popular en el patio cecualero"},"content":{"rendered":"<div class=\"postie-post\">De 9 a 13, el Centro Cultural Alternativo (Santa Mar\u00eda de Oro 471) del Instituto de Cultura del Chaco invita a compartir una nueva ma\u00f1ana de productos de la econom\u00eda popular y emprendimientos chaque\u00f1os.<br \/>\nEl Almac\u00e9n es un espacio permanente del Cecual en el que se pueden adquirir productos de la econom\u00eda popular, desde conservas dulces, plantas arom\u00e1ticas, hortalizas, plantas ornamentales, verduras y una variedad de productos textiles y agroecol\u00f3gicos provenientes de las localidades de Resistencia, Fontana, Barranqueras, Puerto Tirol, La Leonesa y Colonia Ben\u00edtez. Se trata de productos 100% chaque\u00f1os y a precios justos.<br \/>\nEste novedoso proyecto impulsado por el Cecual y el Ministerio de Desarrollo Social se concreta a trav\u00e9s de la Unidad Ejecutora de Pol\u00edticas Sociales de la cartera social, junto a organismos como el Polo Socio Productivo, el programa ProHuerta del INTA, el espacio Alternativo arte+dise\u00f1o, el Instituto de Investigaciones Forestales y Agropecuarias (IIFA), adem\u00e1s de productores y emprendedores de la Feria Cultiva y de los Mercados Populares.<br \/>\nFeria Cultiva<br \/>\nComo todos los s\u00e1bados, el patio cecualero tendr\u00e1 adem\u00e1s el despliegue de la tradicional Feria Cultiva, con productos de huerta, cosm\u00e9tica natural y dise\u00f1o sustentable ofrecidos por sus propios productores.<br \/>\nLa feria es un emprendimiento nacido en la casa cecualera y con ocho a\u00f1os de trabajo en la misma. La organizan Cecual, el INTA ProHuerta Regi\u00f3n Metropolitana, el Espacio de Arte y Dise\u00f1o Alternativo y el departamento de Industrias Culturales y el I.I.F.A (Instituto de Investigaciones Forestales y Agropecuarias).<br \/>\n&lt;<a href=\"http:\/\/www.avg.com\/email-signature?utm_medium=email&amp;utm_source=link&amp;utm_campaign=sig-email&amp;utm_content=webmail\">www.avg.com\/email-signature?utm_medium=email&amp;utm_source=link&amp;utm_campaign=sig-email&amp;utm_content=webmail<\/a>&gt; Libre de virus.www.avg.com &lt;<a href=\"http:\/\/www.avg.com\/email-signature?utm_medium=email&amp;utm_source=link&amp;utm_campaign=sig-email&amp;utm_content=webmail\">www.avg.com\/email-signature?utm_medium=email&amp;utm_source=link&amp;utm_campaign=sig-email&amp;utm_content=webmail<\/a>&gt; <\/div>\n","protected":false},"excerpt":{"rendered":"<p>De 9 a 13, el Centro Cultural Alternativo (Santa Mar\u00eda de Oro 471) del Instituto de Cultura del Chaco invita a compartir una nueva ma\u00f1ana de productos de la econom\u00eda popular y emprendimientos chaque\u00f1os. El Almac\u00e9n es un espacio permanente del Cecual en el que se pueden adquirir productos de la econom\u00eda popular, desde conservas [&hellip;]<\/p>\n","protected":false},"author":1,"featured_media":27676,"comment_status":"closed","ping_status":"closed","sticky":false,"template":"","format":"standard","meta":{"footnotes":""},"categories":[6],"tags":[],"class_list":{"0":"post-27675","1":"post","2":"type-post","3":"status-publish","4":"format-standard","5":"has-post-thumbnail","7":"category-chaco"},"_links":{"self":[{"href":"https:\/\/chacosintesis.com.ar\/index.php\/wp-json\/wp\/v2\/posts\/27675","targetHints":{"allow":["GET"]}}],"collection":[{"href":"https:\/\/chacosintesis.com.ar\/index.php\/wp-json\/wp\/v2\/posts"}],"about":[{"href":"https:\/\/chacosintesis.com.ar\/index.php\/wp-json\/wp\/v2\/types\/post"}],"author":[{"embeddable":true,"href":"https:\/\/chacosintesis.com.ar\/index.php\/wp-json\/wp\/v2\/users\/1"}],"replies":[{"embeddable":true,"href":"https:\/\/chacosintesis.com.ar\/index.php\/wp-json\/wp\/v2\/comments?post=27675"}],"version-history":[{"count":0,"href":"https:\/\/chacosintesis.com.ar\/index.php\/wp-json\/wp\/v2\/posts\/27675\/revisions"}],"wp:featuredmedia":[{"embeddable":true,"href":"https:\/\/chacosintesis.com.ar\/index.php\/wp-json\/wp\/v2\/media\/27676"}],"wp:attachment":[{"href":"https:\/\/chacosintesis.com.ar\/index.php\/wp-json\/wp\/v2\/media?parent=27675"}],"wp:term":[{"taxonomy":"category","embeddable":true,"href":"https:\/\/chacosintesis.com.ar\/index.php\/wp-json\/wp\/v2\/categories?post=27675"},{"taxonomy":"post_tag","embeddable":true,"href":"https:\/\/chacosintesis.com.ar\/index.php\/wp-json\/wp\/v2\/tags?post=27675"}],"curies":[{"name":"wp","href":"https:\/\/api.w.org\/{rel}","templated":true}]}}