{"id":27669,"date":"2023-10-05T18:00:42","date_gmt":"2023-10-05T21:00:42","guid":{"rendered":"https:\/\/chacosintesis.com.ar\/?p=27669"},"modified":"2023-10-05T18:06:52","modified_gmt":"2023-10-05T21:06:52","slug":"educacion-entregara-material-sobre-derechos-humanos-generos-y-esi-a-las-escuelas","status":"publish","type":"post","link":"https:\/\/chacosintesis.com.ar\/index.php\/educacion-entregara-material-sobre-derechos-humanos-generos-y-esi-a-las-escuelas\/","title":{"rendered":"Educaci\u00f3n entregar\u00e1 material sobre derechos humanos, g\u00e9neros y ESI a las escuelas"},"content":{"rendered":"<div class=\"postie-post\">La colecci\u00f3n llegar\u00e1 por Correo Postal a cada instituci\u00f3n de todos los niveles obligatorios. Se trata de cuadernillos con relatos, datos y gu\u00edas para el tratamiento de estos temas en el aula.<br \/>\nEn Mes de la Educaci\u00f3n Especial y en el D\u00eda de la Educaci\u00f3n Sexual Integral (ESI) -al cumplirse 17 a\u00f1os de la sanci\u00f3n de la Ley Nacional N\u00b0 26.150\/06-, autoridades del Ministerio de Educaci\u00f3n presentaron el material de la colecci\u00f3n Derechos Humanos, G\u00e9neros y ESI, que se distribuir\u00e1 en instituciones educativas de todos los niveles obligatorios, incluyendo las modalidades T\u00e9cnica y Especial.<br \/>\nEl acto, que se transmiti\u00f3 en vivo por el canal de YouTube de la plataforma educativa ELE, se realiz\u00f3 en la Escuela Especial N\u00b0 29 \u201cMaestro Jos\u00e9 Efra\u00edn Moguilner Varzan\u201d de Puerto Vilelas, donde tambi\u00e9n se presentaron los documentos de apoyo desarrollando aprendizajes y participaci\u00f3n en escuelas inclusivas y Voces de las escuelas de educaci\u00f3n especial Experiencias y narrativas ESI.<br \/>\nLa subsecretaria de Educaci\u00f3n Ludmila Pellegrini inst\u00f3 a defender estas pol\u00edticas p\u00fablicas, la Educaci\u00f3n Especial y la Educaci\u00f3n Sexual Integral como pol\u00edticas de Estado. \u201cQue tengan toda la contundencia y el presupuesto necesario para que puedan seguir en cada una de las aulas del sistema educativo, porque es el derecho de las ni\u00f1eces&#8221;, sostuvo.<br \/>\nLa directora de la modalidad Educaci\u00f3n Especial M\u00f3nica Dom\u00ednguez asegur\u00f3 que la ESI aporta a la educaci\u00f3n la perspectiva de la integralidad y de la diversidad, abre espacios de participaci\u00f3n y de pertenencia, permite construir proyectos de vida, el respeto por la diversidad, la afectividad para ser con otros y para otros, y muchos de estos conceptos est\u00e1n relacionados con el Mes de la Educaci\u00f3n Especial. &#8220;Desde la ESI tenemos la gran oportunidad para seguir construyendo puentes de inclusi\u00f3n que permitan contar con instituciones para todos y con todos, y revalorizar la importancia de la especificidad que tiene la modalidad de Educaci\u00f3n Especial para, desde los saberes espec\u00edficos que recibimos en la formaci\u00f3n docente inicial, aportar al sistema educativo, para que sea sin\u00f3nimo de inclusi\u00f3n y ya no m\u00e1s de discapacidad&#8221;, expres\u00f3.<br \/>\nTambi\u00e9n estuvieron presentes en este acto la subsecretaria de Juventudes y Diversidad Julieta Campo, la directora de Bienestar Educativo Bel\u00e9n Godoy; el referente provincial de ESI Lucas Tissera; la directora Regional Educativa 10 C, Gricelda Quiles; supervisores y supervisoras; directivos, docentes, familias y estudiantes de la EEE N\u00ba 29.<br \/>\nDesde 2015, en Chaco se celebra el Mes de la Educaci\u00f3n Especial en octubre, establecido por Calendario Escolar, con el fin de concientizar sobre pr\u00e1cticas, culturas y pol\u00edticas de inclusi\u00f3n, desde la perspectiva de la discapacidad. Adem\u00e1s, resulta relevante recordar que el 4 de octubre se cumple un aniversario m\u00e1s de la aprobaci\u00f3n de la Ley Nacional N\u00b0 26.150 Educaci\u00f3n Sexual Integral, sancionada en octubre de 2006, y este a\u00f1o se celebra bajo el lema \u201cGenerando puentes de Inclusi\u00f3n\u201d.<br \/>\nLa ESI reconoce y promueve los derechos de ni\u00f1as, ni\u00f1os, adolescentes, j\u00f3venes, adultos y adultas que transitan las escuelas. El lema \u201cGenerando puentes de inclusi\u00f3n\u201d refiere a la garant\u00eda del derecho social de educaci\u00f3n en igualdad de oportunidades seg\u00fan la perspectiva de la diversidad funcional en las trayectorias escolares para la formaci\u00f3n de ciudadan\u00eda. Las instituciones educativas del Chaco acompa\u00f1an trayectorias escolares reales mediante formatos organizacionales institucionales y alternativas pedag\u00f3gicas diversificadas y accesibles para hacer realidad el principio de la inclusi\u00f3n: Educaci\u00f3n para todos\/as en clave de derechos individuales y sociales.<br \/>\nColecci\u00f3n de derechos humanos, g\u00e9neros y ESI<br \/>\nSe trata de material para Educaci\u00f3n Especial; referentes escolares de ESI Educaci\u00f3n Inicial; Primaria y Secundaria; lineamientos curriculares de ESI; Las Abuelas nos cuentan- cuadernillo para docentes; Las Abuelas nos cuentan &#8211; A 45 a\u00f1os. Antolog\u00eda de Historias; Revista Hablemos de bullying; gu\u00eda de orientaciones y criterios de intervenci\u00f3n ante situaciones de consumo de sustancias en \u00e1mbitos escolares; orientaciones para los cuidados en las escuelas ante situaciones relativas al suicidio; y afiche 40 a\u00f1os de democracia.<br \/>\n&lt;<a href=\"http:\/\/www.avg.com\/email-signature?utm_medium=email&amp;utm_source=link&amp;utm_campaign=sig-email&amp;utm_content=webmail\">www.avg.com\/email-signature?utm_medium=email&amp;utm_source=link&amp;utm_campaign=sig-email&amp;utm_content=webmail<\/a>&gt; Libre de virus.www.avg.com &lt;<a href=\"http:\/\/www.avg.com\/email-signature?utm_medium=email&amp;utm_source=link&amp;utm_campaign=sig-email&amp;utm_content=webmail\">www.avg.com\/email-signature?utm_medium=email&amp;utm_source=link&amp;utm_campaign=sig-email&amp;utm_content=webmail<\/a>&gt; <\/div>\n","protected":false},"excerpt":{"rendered":"<p>La colecci\u00f3n llegar\u00e1 por Correo Postal a cada instituci\u00f3n de todos los niveles obligatorios. Se trata de cuadernillos con relatos, datos y gu\u00edas para el tratamiento de estos temas en el aula. En Mes de la Educaci\u00f3n Especial y en el D\u00eda de la Educaci\u00f3n Sexual Integral (ESI) -al cumplirse 17 a\u00f1os de la sanci\u00f3n [&hellip;]<\/p>\n","protected":false},"author":1,"featured_media":27670,"comment_status":"closed","ping_status":"closed","sticky":false,"template":"","format":"standard","meta":{"footnotes":""},"categories":[6],"tags":[],"class_list":{"0":"post-27669","1":"post","2":"type-post","3":"status-publish","4":"format-standard","5":"has-post-thumbnail","7":"category-chaco"},"_links":{"self":[{"href":"https:\/\/chacosintesis.com.ar\/index.php\/wp-json\/wp\/v2\/posts\/27669","targetHints":{"allow":["GET"]}}],"collection":[{"href":"https:\/\/chacosintesis.com.ar\/index.php\/wp-json\/wp\/v2\/posts"}],"about":[{"href":"https:\/\/chacosintesis.com.ar\/index.php\/wp-json\/wp\/v2\/types\/post"}],"author":[{"embeddable":true,"href":"https:\/\/chacosintesis.com.ar\/index.php\/wp-json\/wp\/v2\/users\/1"}],"replies":[{"embeddable":true,"href":"https:\/\/chacosintesis.com.ar\/index.php\/wp-json\/wp\/v2\/comments?post=27669"}],"version-history":[{"count":0,"href":"https:\/\/chacosintesis.com.ar\/index.php\/wp-json\/wp\/v2\/posts\/27669\/revisions"}],"wp:featuredmedia":[{"embeddable":true,"href":"https:\/\/chacosintesis.com.ar\/index.php\/wp-json\/wp\/v2\/media\/27670"}],"wp:attachment":[{"href":"https:\/\/chacosintesis.com.ar\/index.php\/wp-json\/wp\/v2\/media?parent=27669"}],"wp:term":[{"taxonomy":"category","embeddable":true,"href":"https:\/\/chacosintesis.com.ar\/index.php\/wp-json\/wp\/v2\/categories?post=27669"},{"taxonomy":"post_tag","embeddable":true,"href":"https:\/\/chacosintesis.com.ar\/index.php\/wp-json\/wp\/v2\/tags?post=27669"}],"curies":[{"name":"wp","href":"https:\/\/api.w.org\/{rel}","templated":true}]}}