{"id":27643,"date":"2023-10-04T20:10:00","date_gmt":"2023-10-04T23:10:00","guid":{"rendered":"https:\/\/chacosintesis.com.ar\/?p=27643"},"modified":"2023-10-04T20:36:58","modified_gmt":"2023-10-04T23:36:58","slug":"el-gobierno-abona-programas-provinciales-desde-la-semana-que-viene","status":"publish","type":"post","link":"https:\/\/chacosintesis.com.ar\/index.php\/el-gobierno-abona-programas-provinciales-desde-la-semana-que-viene\/","title":{"rendered":"El gobierno abona programas provinciales desde la semana que viene"},"content":{"rendered":"<div class=\"postie-post\">El cronograma inicia con el Programa Expertos. Tambi\u00e9n se abonar\u00e1 M\u00e1s Inclusi\u00f3n y Renta M\u00ednima Progresiva. Luego, ser\u00e1 el turno de Servicio de Mantenimiento de Establecimientos Escolares, becas del Instituto del Deporte y contratos de Cultura.<br \/>\nEl Ministerio de Planificaci\u00f3n, Econom\u00eda e Infraestructura inform\u00f3 el cronograma de pagos de programas provinciales, que, como es habitual, comenzar\u00e1 con las y los beneficiarios del programa Expertos, dependientes del Ministerio de Salud P\u00fablica, que cobrar\u00e1n el lunes de la pr\u00f3xima semana.<br \/>\nEl cronograma de pagos continuar\u00e1 el pr\u00f3ximo martes 10, cuando sea el turno de las y los beneficiarios del programa M\u00e1s Inclusi\u00f3n, dependiente del Ministerio de Desarrollo Social.<br \/>\nEn tanto, Renta M\u00ednima Progresiva, tambi\u00e9n dependiente del Ministerio de Desarrollo Social, se abonar\u00e1 en dos d\u00edas ya que, como es habitual, el pago se realizar\u00e1 por terminaci\u00f3n de los n\u00fameros de documento.<br \/>\nEl pr\u00f3ximo mi\u00e9rcoles 11, cobrar\u00e1n las personas beneficiarias con documentos terminados en 0, 1, 2, 3 y 4. Posteriormente, el jueves 12, lo har\u00e1n quienes tengan DNI terminados en 5, 6, 7, 8 y 9.<br \/>\nAdem\u00e1s, el pr\u00f3ximo mi\u00e9rcoles 11 ser\u00e1 el turno de beneficiarias y beneficiarios del Servicio de Mantenimiento de Establecimientos Educativos, dependiente del Ministerio de Educaci\u00f3n chaque\u00f1o.<br \/>\nPara finalizar, el pr\u00f3ximo jueves 12 cobrar\u00e1n las y los becarios del Instituto del Deporte y contratadas y contratados del Instituto de Cultura.<br \/>\nLos salarios se depositar\u00e1n en las cuentas del Nuevo Banco del Chaco (NBCH), por lo que la cartera econ\u00f3mica recuerda que los fondos estar\u00e1n disponibles a trav\u00e9s de todos los canales electr\u00f3nicos de la entidad financiera.<br \/>\nCronograma<br \/>\nPrograma Expertos: lunes 9 de octubre.<br \/>\nM\u00e1s inclusi\u00f3n: martes 10 de octubre.<br \/>\nRenta M\u00ednima Progresiva: mi\u00e9rcoles 11 de octubre (DNI terminados en 0, 1, 2, 3 y 4); jueves 12 de octubre (DNI terminados en 5, 6, 7, 8 y 9).<br \/>\nServicio de Mantenimiento de Establecimientos Educativos: mi\u00e9rcoles 11 de octubre.<br \/>\nBecas Instituto del Deporte: jueves 12 de octubre.<br \/>\nBecas Instituto de Cultura: jueves 12 de octubre.<br \/>\n&lt;<a href=\"http:\/\/www.avg.com\/email-signature?utm_medium=email&amp;utm_source=link&amp;utm_campaign=sig-email&amp;utm_content=webmail\">www.avg.com\/email-signature?utm_medium=email&amp;utm_source=link&amp;utm_campaign=sig-email&amp;utm_content=webmail<\/a>&gt; Libre de virus.www.avg.com &lt;<a href=\"http:\/\/www.avg.com\/email-signature?utm_medium=email&amp;utm_source=link&amp;utm_campaign=sig-email&amp;utm_content=webmail\">www.avg.com\/email-signature?utm_medium=email&amp;utm_source=link&amp;utm_campaign=sig-email&amp;utm_content=webmail<\/a>&gt; <\/div>\n","protected":false},"excerpt":{"rendered":"<p>El cronograma inicia con el Programa Expertos. Tambi\u00e9n se abonar\u00e1 M\u00e1s Inclusi\u00f3n y Renta M\u00ednima Progresiva. Luego, ser\u00e1 el turno de Servicio de Mantenimiento de Establecimientos Escolares, becas del Instituto del Deporte y contratos de Cultura. El Ministerio de Planificaci\u00f3n, Econom\u00eda e Infraestructura inform\u00f3 el cronograma de pagos de programas provinciales, que, como es habitual, [&hellip;]<\/p>\n","protected":false},"author":1,"featured_media":27644,"comment_status":"closed","ping_status":"closed","sticky":false,"template":"","format":"standard","meta":{"footnotes":""},"categories":[6],"tags":[],"class_list":{"0":"post-27643","1":"post","2":"type-post","3":"status-publish","4":"format-standard","5":"has-post-thumbnail","7":"category-chaco"},"_links":{"self":[{"href":"https:\/\/chacosintesis.com.ar\/index.php\/wp-json\/wp\/v2\/posts\/27643","targetHints":{"allow":["GET"]}}],"collection":[{"href":"https:\/\/chacosintesis.com.ar\/index.php\/wp-json\/wp\/v2\/posts"}],"about":[{"href":"https:\/\/chacosintesis.com.ar\/index.php\/wp-json\/wp\/v2\/types\/post"}],"author":[{"embeddable":true,"href":"https:\/\/chacosintesis.com.ar\/index.php\/wp-json\/wp\/v2\/users\/1"}],"replies":[{"embeddable":true,"href":"https:\/\/chacosintesis.com.ar\/index.php\/wp-json\/wp\/v2\/comments?post=27643"}],"version-history":[{"count":0,"href":"https:\/\/chacosintesis.com.ar\/index.php\/wp-json\/wp\/v2\/posts\/27643\/revisions"}],"wp:featuredmedia":[{"embeddable":true,"href":"https:\/\/chacosintesis.com.ar\/index.php\/wp-json\/wp\/v2\/media\/27644"}],"wp:attachment":[{"href":"https:\/\/chacosintesis.com.ar\/index.php\/wp-json\/wp\/v2\/media?parent=27643"}],"wp:term":[{"taxonomy":"category","embeddable":true,"href":"https:\/\/chacosintesis.com.ar\/index.php\/wp-json\/wp\/v2\/categories?post=27643"},{"taxonomy":"post_tag","embeddable":true,"href":"https:\/\/chacosintesis.com.ar\/index.php\/wp-json\/wp\/v2\/tags?post=27643"}],"curies":[{"name":"wp","href":"https:\/\/api.w.org\/{rel}","templated":true}]}}