{"id":27641,"date":"2023-10-04T20:08:51","date_gmt":"2023-10-04T23:08:51","guid":{"rendered":"https:\/\/chacosintesis.com.ar\/?p=27641"},"modified":"2023-10-04T20:36:56","modified_gmt":"2023-10-04T23:36:56","slug":"establecen-examen-psicodiagnostico-obligatorio-para-quienes-trabajen-con-ninas-ninos-y-adolescentes","status":"publish","type":"post","link":"https:\/\/chacosintesis.com.ar\/index.php\/establecen-examen-psicodiagnostico-obligatorio-para-quienes-trabajen-con-ninas-ninos-y-adolescentes\/","title":{"rendered":"Establecen examen psicodiagn\u00f3stico obligatorio para quienes trabajen con ni\u00f1as, ni\u00f1os y adolescentes"},"content":{"rendered":"<div class=\"postie-post\">La ley tiene alcance tanto al \u00e1mbito p\u00fablico o privado y deber\u00e1 realizarse previo ingreso a la organizaci\u00f3n y el estudio deber\u00e1 reiterarse cada 10 a\u00f1os. El parlamento declar\u00f3 adem\u00e1s a Barranqueras como la \u201cCapital Provincial de los Deportes N\u00e1uticos\u201d y cre\u00f3 cargos en el Ministerio P\u00fablico de la Defensa.<br \/>\nEn su sesi\u00f3n ordinaria N\u00b0 24, el Poder Legislativo del Chaco sancion\u00f3 la ley 3922  G -iniciativa de Juan Jos\u00e9 Bergia-, por la cual se establece como obligatoria la realizaci\u00f3n de un examen psicodiagn\u00f3stico, que deber\u00e1 reiterarse cada diez a\u00f1os, para toda persona que desempe\u00f1e un cargo, funci\u00f3n o actividad en la que se encuentre en contacto con ni\u00f1os, ni\u00f1as o adolescentes.  La medida tiene alcance tanto al \u00e1mbito p\u00fablico o privado y deber\u00e1 realizarse previo ingreso a la organizaci\u00f3n.<br \/>\n\u201cEs un proceso que tiene diversos objetivos y etapas, para conocer el estado psicol\u00f3gico para quienes tengan contacto con NNyA, los cuales son sujetos de estado de vulnerabilidad\u201d, explic\u00f3 el legislador del Nepar y a\u00f1adi\u00f3: \u201cest\u00e1 contemplado que todas las personas que no logren superar el examen, tendr\u00e1n que tener actividades definidas por el Ministerio de Salud\u201d. Por intermedio del diputado Rodrigo Ocampo, el Colegio de Psic\u00f3logos hizo varias recomendaciones las que se incorporan al texto. \u201cEsto va en relaci\u00f3n a la adhesi\u00f3n de la Ley Lucio, porque busco contribuir y garantizar derechos a las NNyA para que no se vulneren sus derechos\u201d, expres\u00f3 el autor de la norma.<br \/>\nAdem\u00e1s, las y los diputados convirtieron en ley una propuesta del diputado Juan Carlos Ayala que declar\u00f3 a Barranqueras como  \u201cCapital Provincial de los Deportes N\u00e1uticos\u201d. A partir de esta normativa se dar\u00e1 intervenci\u00f3n al Instituto Provincial del Deporte de la Provincia y a la Municipalidad de Barranqueras, para que se articulen mayores acciones que congreguen, ampl\u00eden y diversifiquen los deportes n\u00e1uticos.<br \/>\nParticipaci\u00f3n sindical<br \/>\nOtra de las leyes sancionadas este mi\u00e9rcoles fue la iniciativa del legislador Nicol\u00e1s Slimel,  que atiende la participaci\u00f3n sindical en el \u00e1mbito de las empresas period\u00edsticas. La norma incorpora una modificaci\u00f3n de la Ley 1613-A, estableciendo la participaci\u00f3n activa de las asociaciones sindicales en el convenio que el Poder Ejecutivo Provincial lleve adelante con el  Ejecutivo Nacional, para el cumplimiento y aplicaci\u00f3n de las disposiciones contenidas en las leyes 12.908 \u2013del Estatuto del Periodista Profesional \u2013 y 12.921 \u2013del Estatuto del Empleado Administrativo de Empresas Period\u00edsticas.<br \/>\nEn ese marco, garantiza la participaci\u00f3n activa de las siguientes asociaciones sindicales: Sindicato de Prensa del Chaco, Sindicato de Artes Gr\u00e1ficas, Sindicato \u00danico de Trabajadores del Espect\u00e1culo P\u00fablico y Afines de la Rep\u00fablica Argentina, Asociaci\u00f3n Argentina de Trabajadores de las Comunicaciones, Sindicato de Televisi\u00f3n, Productores Audiovisuales y Datos y la Sociedad Argentina de Locutores, o las asociaciones de trabajadores que en el futuro las reemplacen y que tengan representaci\u00f3n de dichos sectores en la provincia.<br \/>\nMinisterio P\u00fablico de la Defensa<br \/>\nFinalmente, luego de la aprobaci\u00f3n de las Leyes relacionadas a ratificaciones de decretos del Ejecutivo provincial que contienen aumentos salariales ya percibidos por distintos sectores; por unanimidad, las y los legisladores aprobaron la creaci\u00f3n de cargo en el Ministerio P\u00fablico de la Defensa del Poder Judicial. Los cargos se distribuir\u00e1n conforme la necesidad que determine el Defensor General o Defensor General Adjunto, en su caso, para cubrir los cargos: Secretario del Defensor Penal, Secretario del Defensor de Pobres, Incapaces y Ausentes, Secretario de Asesores de Ni\u00f1as, Ni\u00f1os y Adolescentes y Prosecretario de Defensor\u00eda Barrial.<br \/>\n&lt;<a href=\"http:\/\/www.avg.com\/email-signature?utm_medium=email&amp;utm_source=link&amp;utm_campaign=sig-email&amp;utm_content=webmail\">www.avg.com\/email-signature?utm_medium=email&amp;utm_source=link&amp;utm_campaign=sig-email&amp;utm_content=webmail<\/a>&gt; Libre de virus.www.avg.com &lt;<a href=\"http:\/\/www.avg.com\/email-signature?utm_medium=email&amp;utm_source=link&amp;utm_campaign=sig-email&amp;utm_content=webmail\">www.avg.com\/email-signature?utm_medium=email&amp;utm_source=link&amp;utm_campaign=sig-email&amp;utm_content=webmail<\/a>&gt; <\/div>\n","protected":false},"excerpt":{"rendered":"<p>La ley tiene alcance tanto al \u00e1mbito p\u00fablico o privado y deber\u00e1 realizarse previo ingreso a la organizaci\u00f3n y el estudio deber\u00e1 reiterarse cada 10 a\u00f1os. El parlamento declar\u00f3 adem\u00e1s a Barranqueras como la \u201cCapital Provincial de los Deportes N\u00e1uticos\u201d y cre\u00f3 cargos en el Ministerio P\u00fablico de la Defensa. En su sesi\u00f3n ordinaria N\u00b0 [&hellip;]<\/p>\n","protected":false},"author":1,"featured_media":27642,"comment_status":"closed","ping_status":"closed","sticky":false,"template":"","format":"standard","meta":{"footnotes":""},"categories":[6],"tags":[],"class_list":{"0":"post-27641","1":"post","2":"type-post","3":"status-publish","4":"format-standard","5":"has-post-thumbnail","7":"category-chaco"},"_links":{"self":[{"href":"https:\/\/chacosintesis.com.ar\/index.php\/wp-json\/wp\/v2\/posts\/27641","targetHints":{"allow":["GET"]}}],"collection":[{"href":"https:\/\/chacosintesis.com.ar\/index.php\/wp-json\/wp\/v2\/posts"}],"about":[{"href":"https:\/\/chacosintesis.com.ar\/index.php\/wp-json\/wp\/v2\/types\/post"}],"author":[{"embeddable":true,"href":"https:\/\/chacosintesis.com.ar\/index.php\/wp-json\/wp\/v2\/users\/1"}],"replies":[{"embeddable":true,"href":"https:\/\/chacosintesis.com.ar\/index.php\/wp-json\/wp\/v2\/comments?post=27641"}],"version-history":[{"count":0,"href":"https:\/\/chacosintesis.com.ar\/index.php\/wp-json\/wp\/v2\/posts\/27641\/revisions"}],"wp:featuredmedia":[{"embeddable":true,"href":"https:\/\/chacosintesis.com.ar\/index.php\/wp-json\/wp\/v2\/media\/27642"}],"wp:attachment":[{"href":"https:\/\/chacosintesis.com.ar\/index.php\/wp-json\/wp\/v2\/media?parent=27641"}],"wp:term":[{"taxonomy":"category","embeddable":true,"href":"https:\/\/chacosintesis.com.ar\/index.php\/wp-json\/wp\/v2\/categories?post=27641"},{"taxonomy":"post_tag","embeddable":true,"href":"https:\/\/chacosintesis.com.ar\/index.php\/wp-json\/wp\/v2\/tags?post=27641"}],"curies":[{"name":"wp","href":"https:\/\/api.w.org\/{rel}","templated":true}]}}