{"id":27633,"date":"2023-10-04T19:50:50","date_gmt":"2023-10-04T22:50:50","guid":{"rendered":"https:\/\/chacosintesis.com.ar\/?p=27633"},"modified":"2023-10-04T20:06:57","modified_gmt":"2023-10-04T23:06:57","slug":"jovenes-artistas-chaquenos-participaron-en-los-juegos-culturales-evita","status":"publish","type":"post","link":"https:\/\/chacosintesis.com.ar\/index.php\/jovenes-artistas-chaquenos-participaron-en-los-juegos-culturales-evita\/","title":{"rendered":"J\u00f3venes artistas chaque\u00f1os participaron en los Juegos Culturales Evita"},"content":{"rendered":"<div class=\"postie-post\">En esta edici\u00f3n 2023, Chaco fue representada por 28 j\u00f3venes de las localidades de Barranqueras, Castelli, Colonia Elisa, Las Bre\u00f1as, La Escondida, Isla del Cerrito, San Martin, Machagai, General Pinedo, Fuerte Esperanza, Villa \u00c1ngela y Fontana.<br \/>\nBajo el lema \u201cCreciendo en democracia\u201d, los Juegos Culturales Evita se realizaron en la ciudad de Mar del Plata. En esta edici\u00f3n 2023, Chaco fue representada por 28 j\u00f3venes de diferentes localidades con la coordinaci\u00f3n general a cargo de Gustavo Galarza, quienes participaron junto a chicos y chicas de todo el pa\u00eds en el encuentro nacional.<br \/>\nLa delegaci\u00f3n chaque\u00f1a estuvo integrada por j\u00f3venes provenientes de Barranqueras, Castelli, Colonia Elisa, Las Bre\u00f1as, La Escondida, Isla del Cerrito, San Martin, Machagai, General Pinedo, Fuerte Esperanza, Villa \u00c1ngela y Fontana. Esta 18\u00ba edici\u00f3n estuvo integrada por catorce disciplinas: Canto solista; FreeStyle; Fotograf\u00eda; Pintura; Dibujo; Cuento; Poes\u00eda; Videominuto; Danza, Teatro unipersonal; Historieta; Danza pareja, Conjunto musical y Teatro.<br \/>\nLas y los chaque\u00f1os que participaron en las siguientes disciplinas fueron: Sosa, Esmeralda Sol, en Canto Solista (Barranqueras); Delssin, Libertad, en Fotograf\u00eda (Colonia Elisa); Mazzacote Ruiz, Josefina, en Pintura (Las Bre\u00f1as); Aguirre Retamoso, Bianca Daniela, en Cuento (La Escondida); Morales, Ang\u00e9lica Mailen, en Poes\u00eda (Isla Del Cerrito); Almua Bastiani, Anah\u00ed Guadalupe, en Videominuto (Colonia Elisa); Seitour, Jose Valentim, en Danza Sub 15 (Barranqueras); Benitez, Daiara, en Danza Sub 15 (Barranqueras); Ramirzez, Nahiara, en Danza Sub 18 (Barranqueras); Gill Konrad, Alex, en Danza Sub 18 (Barranqueras); Ocampo, Guadalupe, en Canto Solista (General San Mart\u00edn); Castro, Santiago Fabricio, en Freestyle (Machagai); Rodriguez, Araceli Bel\u00e9n, en Fotograf\u00eda (General Pinedo); Chavez, Mauricio Kevin, en Pintura (Fuerte Esperanza); Barreras, Danilo Joaquin, en Cuento (Las Bre\u00f1as); Valdez, Santiago Ezequiel, en Poes\u00eda (Las Bre\u00f1as); Pimentel, Araceli Estefan\u00eda, en Videominuto (Machagai); Sandoval, Julian Imanol, en Conjunto Musical (J.J Castelli); Holgado, Jonathan Javier, en Conjunto Musical (J.J Castelli); Perez Segura, Nicolas, en Conjunto Musical (J.J Castelli); Becher, Bautista Ivan, en Conjunto Musical (J.J Castelli); Paz Escalada, Anabela, en Teatro Grupal (Las Bre\u00f1as); Kelber, Ana Laura, en Teatro Grupal (Las Bre\u00f1as); Forastello, Juan Ignacio, en Teatro Grupal (Las Bre\u00f1as); Gonzalez, Lucas, en Teatro Unipersonal (Villa Angela); Araujo Roldan, Ulises Agustin, en Danza Individual (Las Bre\u00f1as); Castro, Jazmin Adriana, en Historieta (Fontana); Masiel, Kevin Luis, en Fotograf\u00eda (General San Mart\u00edn).<br \/>\nLos Juegos Culturales Evita son una oportunidad \u00fanica para que j\u00f3venes de todo el pa\u00eds muestren su talento y creatividad en una amplia variedad de disciplinas art\u00edsticas, incluyendo fotograf\u00eda, pintura\/dibujo, teatro unipersonal y grupal, danzas individuales y en parejas, proyecci\u00f3n de videominuto, conjunto musical, canto solista, freestyle, poes\u00eda, cuento e historieta. Tambi\u00e9n participaron activamente en los espacios de capacitaci\u00f3n y talleres que se llevaron a cabo durante los juegos. Esta experiencia les brind\u00f3 la oportunidad de aprender y crecer en su arte.<br \/>\n&lt;<a href=\"http:\/\/www.avg.com\/email-signature?utm_medium=email&amp;utm_source=link&amp;utm_campaign=sig-email&amp;utm_content=webmail\">www.avg.com\/email-signature?utm_medium=email&amp;utm_source=link&amp;utm_campaign=sig-email&amp;utm_content=webmail<\/a>&gt; Libre de virus.www.avg.com &lt;<a href=\"http:\/\/www.avg.com\/email-signature?utm_medium=email&amp;utm_source=link&amp;utm_campaign=sig-email&amp;utm_content=webmail\">www.avg.com\/email-signature?utm_medium=email&amp;utm_source=link&amp;utm_campaign=sig-email&amp;utm_content=webmail<\/a>&gt; <\/div>\n","protected":false},"excerpt":{"rendered":"<p>En esta edici\u00f3n 2023, Chaco fue representada por 28 j\u00f3venes de las localidades de Barranqueras, Castelli, Colonia Elisa, Las Bre\u00f1as, La Escondida, Isla del Cerrito, San Martin, Machagai, General Pinedo, Fuerte Esperanza, Villa \u00c1ngela y Fontana. Bajo el lema \u201cCreciendo en democracia\u201d, los Juegos Culturales Evita se realizaron en la ciudad de Mar del Plata. [&hellip;]<\/p>\n","protected":false},"author":1,"featured_media":27634,"comment_status":"closed","ping_status":"closed","sticky":false,"template":"","format":"standard","meta":{"footnotes":""},"categories":[6],"tags":[],"class_list":{"0":"post-27633","1":"post","2":"type-post","3":"status-publish","4":"format-standard","5":"has-post-thumbnail","7":"category-chaco"},"_links":{"self":[{"href":"https:\/\/chacosintesis.com.ar\/index.php\/wp-json\/wp\/v2\/posts\/27633","targetHints":{"allow":["GET"]}}],"collection":[{"href":"https:\/\/chacosintesis.com.ar\/index.php\/wp-json\/wp\/v2\/posts"}],"about":[{"href":"https:\/\/chacosintesis.com.ar\/index.php\/wp-json\/wp\/v2\/types\/post"}],"author":[{"embeddable":true,"href":"https:\/\/chacosintesis.com.ar\/index.php\/wp-json\/wp\/v2\/users\/1"}],"replies":[{"embeddable":true,"href":"https:\/\/chacosintesis.com.ar\/index.php\/wp-json\/wp\/v2\/comments?post=27633"}],"version-history":[{"count":0,"href":"https:\/\/chacosintesis.com.ar\/index.php\/wp-json\/wp\/v2\/posts\/27633\/revisions"}],"wp:featuredmedia":[{"embeddable":true,"href":"https:\/\/chacosintesis.com.ar\/index.php\/wp-json\/wp\/v2\/media\/27634"}],"wp:attachment":[{"href":"https:\/\/chacosintesis.com.ar\/index.php\/wp-json\/wp\/v2\/media?parent=27633"}],"wp:term":[{"taxonomy":"category","embeddable":true,"href":"https:\/\/chacosintesis.com.ar\/index.php\/wp-json\/wp\/v2\/categories?post=27633"},{"taxonomy":"post_tag","embeddable":true,"href":"https:\/\/chacosintesis.com.ar\/index.php\/wp-json\/wp\/v2\/tags?post=27633"}],"curies":[{"name":"wp","href":"https:\/\/api.w.org\/{rel}","templated":true}]}}