{"id":27629,"date":"2023-10-04T19:47:08","date_gmt":"2023-10-04T22:47:08","guid":{"rendered":"https:\/\/chacosintesis.com.ar\/?p=27629"},"modified":"2023-10-04T20:06:51","modified_gmt":"2023-10-04T23:06:51","slug":"mas-de-600-estudiantes-de-resistencia-recibieron-sus-netbooks","status":"publish","type":"post","link":"https:\/\/chacosintesis.com.ar\/index.php\/mas-de-600-estudiantes-de-resistencia-recibieron-sus-netbooks\/","title":{"rendered":"M\u00e1s de 600 estudiantes de Resistencia recibieron sus netbooks"},"content":{"rendered":"<div class=\"postie-post\">Se trata del Programa Nacional Conectar Igualdad recuperado en 2021, luego de que fuera suspendido por el gobierno nacional anterior. En el Chaco se prev\u00e9 entregar este a\u00f1o 20 mil netbooks, que se suman a las m\u00e1s de 22 mil entregadas el a\u00f1o pasado.<br \/>\nEl ministro de Educaci\u00f3n, Cultura, Ciencia y Tecnolog\u00eda Aldo Lineras encabez\u00f3, este mi\u00e9rcoles, la entrega de 658 netbooks del Programa Nacional Conectar Igualdad en la Escuela de Educaci\u00f3n Secundaria (EES) Nro. 76 \u00a8Jos\u00e9 Mar\u00eda Paz\u00a8 de Resistencia. De esta manera contin\u00faa la distribuci\u00f3n de esta herramienta tecnol\u00f3gica como parte de una pol\u00edtica educativa destinada a achicar la brecha digital entre las y los estudiantes.<br \/>\nEn esta etapa, que comenz\u00f3 en septiembre, Naci\u00f3n distribuir\u00e1 en el Chaco 20.000 netbooks a estudiantes de primero y segundo a\u00f1o de las escuelas secundarias comunes y t\u00e9cnicas, y de primer a\u00f1o de secundarias rurales. El programa Conectar Igualdad fue interrumpido durante los cuatro a\u00f1os del gobierno nacional anterior y reinici\u00f3 en 2021, luego de la pandemia por la decisi\u00f3n pol\u00edtica del Gobierno nacional actual.<br \/>\n&#8220;Se entrega a los de primero y segundo a\u00f1o para que cuando vayan pasando de a\u00f1o ya cuenten con esta herramienta tecnol\u00f3gica que les servir\u00e1 para su trayectoria escolar. Estimamos que, en dos o tres a\u00f1os de desarrollo del programa, si es que contin\u00faa la misma pol\u00edtica educativa, alcanz\u00e1remos a cubrir de primero a quinto a\u00f1o&#8221;, se\u00f1al\u00f3 el ministro.<br \/>\nEl subsecretario de Gobierno Ra\u00fal Bittel destac\u00f3 la importancia de un Estado presente que distribuye esta herramienta para garantizar igualdad de oportunidades, tecnolog\u00eda y conectividad a las y los estudiantes. \u00a8Este tipo de pol\u00edticas p\u00fablicas son llevadas adelante en conjunto por los gobiernos provincial y nacional, la educaci\u00f3n p\u00fablica debe aportar a la la concreci\u00f3n de proyectos de vida de chaque\u00f1os y chaque\u00f1as&#8221;, sostuvo.<br \/>\nLa directora de la EES 76, Esther Quenardelle, agradeci\u00f3 por esta entrega de computadoras para las y los estudiantes quienes esperaban con muchas ansias y que servir\u00e1n para fortalecer el trabajo en el aula.<br \/>\nEn esta oportunidad 639 estudiantes de primero y segundo a\u00f1o de la EES 76 (de los turnos ma\u00f1ana y tarde) recibieron las netbooks y 19 m\u00e1quinas adicionales son para compartir en el aula para el trabajo de las y los docentes.<br \/>\nLas computadoras llegan por Correo Postal a nombre de cada estudiante, previamente cada instituci\u00f3n educativa debe enviar a Naci\u00f3n la planilla con los datos personales de cada matriculado de primero y segundo a\u00f1o; y al retirar cada menor debe estar acompa\u00f1ado por un tutor.<br \/>\nAcompa\u00f1aron este acto, la subsecretaria de Planificaci\u00f3n del Sistema Educativo, Ciencia y Tecnol\u00f3gica de la Provincia, Claudia Gonz\u00e1lez; el director de Ciencia y Tecnolog\u00eda, Marcelo Zampar; el director de la Regional Educativa 10 A, Omar Rojo.<br \/>\n&lt;<a href=\"http:\/\/www.avg.com\/email-signature?utm_medium=email&amp;utm_source=link&amp;utm_campaign=sig-email&amp;utm_content=webmail\">www.avg.com\/email-signature?utm_medium=email&amp;utm_source=link&amp;utm_campaign=sig-email&amp;utm_content=webmail<\/a>&gt; Libre de virus.www.avg.com &lt;<a href=\"http:\/\/www.avg.com\/email-signature?utm_medium=email&amp;utm_source=link&amp;utm_campaign=sig-email&amp;utm_content=webmail\">www.avg.com\/email-signature?utm_medium=email&amp;utm_source=link&amp;utm_campaign=sig-email&amp;utm_content=webmail<\/a>&gt; <\/div>\n","protected":false},"excerpt":{"rendered":"<p>Se trata del Programa Nacional Conectar Igualdad recuperado en 2021, luego de que fuera suspendido por el gobierno nacional anterior. En el Chaco se prev\u00e9 entregar este a\u00f1o 20 mil netbooks, que se suman a las m\u00e1s de 22 mil entregadas el a\u00f1o pasado. El ministro de Educaci\u00f3n, Cultura, Ciencia y Tecnolog\u00eda Aldo Lineras encabez\u00f3, [&hellip;]<\/p>\n","protected":false},"author":1,"featured_media":27630,"comment_status":"closed","ping_status":"closed","sticky":false,"template":"","format":"standard","meta":{"footnotes":""},"categories":[6],"tags":[],"class_list":{"0":"post-27629","1":"post","2":"type-post","3":"status-publish","4":"format-standard","5":"has-post-thumbnail","7":"category-chaco"},"_links":{"self":[{"href":"https:\/\/chacosintesis.com.ar\/index.php\/wp-json\/wp\/v2\/posts\/27629","targetHints":{"allow":["GET"]}}],"collection":[{"href":"https:\/\/chacosintesis.com.ar\/index.php\/wp-json\/wp\/v2\/posts"}],"about":[{"href":"https:\/\/chacosintesis.com.ar\/index.php\/wp-json\/wp\/v2\/types\/post"}],"author":[{"embeddable":true,"href":"https:\/\/chacosintesis.com.ar\/index.php\/wp-json\/wp\/v2\/users\/1"}],"replies":[{"embeddable":true,"href":"https:\/\/chacosintesis.com.ar\/index.php\/wp-json\/wp\/v2\/comments?post=27629"}],"version-history":[{"count":0,"href":"https:\/\/chacosintesis.com.ar\/index.php\/wp-json\/wp\/v2\/posts\/27629\/revisions"}],"wp:featuredmedia":[{"embeddable":true,"href":"https:\/\/chacosintesis.com.ar\/index.php\/wp-json\/wp\/v2\/media\/27630"}],"wp:attachment":[{"href":"https:\/\/chacosintesis.com.ar\/index.php\/wp-json\/wp\/v2\/media?parent=27629"}],"wp:term":[{"taxonomy":"category","embeddable":true,"href":"https:\/\/chacosintesis.com.ar\/index.php\/wp-json\/wp\/v2\/categories?post=27629"},{"taxonomy":"post_tag","embeddable":true,"href":"https:\/\/chacosintesis.com.ar\/index.php\/wp-json\/wp\/v2\/tags?post=27629"}],"curies":[{"name":"wp","href":"https:\/\/api.w.org\/{rel}","templated":true}]}}