{"id":27623,"date":"2023-10-04T19:38:23","date_gmt":"2023-10-04T22:38:23","guid":{"rendered":"https:\/\/chacosintesis.com.ar\/?p=27623"},"modified":"2023-10-04T20:06:42","modified_gmt":"2023-10-04T23:06:42","slug":"otorgaran-una-reparacion-economica-a-las-familias-de-victimas-de-violencia-institucional","status":"publish","type":"post","link":"https:\/\/chacosintesis.com.ar\/index.php\/otorgaran-una-reparacion-economica-a-las-familias-de-victimas-de-violencia-institucional\/","title":{"rendered":"Otorgar\u00e1n una reparaci\u00f3n econ\u00f3mica a las familias de v\u00edctimas de violencia institucional"},"content":{"rendered":"<div class=\"postie-post\">\u201cEste programa va a beneficiar a ni\u00f1os, ni\u00f1as y adolescentes o hijos de personas que hayan sido v\u00edctimas de violaciones a Derechos Humanos de parte de fuerzas del Estado, de seguridad, policial o servicio penitenciario\u201d, detall\u00f3 Dar\u00edo G\u00f3mez, miembro de la Comisi\u00f3n para la Prevenci\u00f3n de la Tortura.<br \/>\nDar\u00edo G\u00f3mez, miembro de la Comisi\u00f3n para la Prevenci\u00f3n de la Tortura, dialog\u00f3 con Chaco TV sobre este decreto que est\u00e1 orientado a aquellos hijos e hijas (no mayores a 25 a\u00f1os) de v\u00edctimas de violencia institucional, los cuales van a recibir a partir de ahora una reparaci\u00f3n econ\u00f3mica mucho m\u00e1s \u00e1gil que el sistema actual. \u201cVemos con mucho agrado y muy buenos ojos desde el comit\u00e9 que se haya recepcionado esta inquietud. Tiene que ver con un reclamo de mucho tiempo\u201d, expres\u00f3.<br \/>\nEn ese sentido, coment\u00f3 que fue \u201calgo tratado en varias ocasiones por la mesa interinstitucional de violencia institucional\u201d, el cual estaba integrado por diversos organismos, adem\u00e1s del Poder Ejecutivo, la presencia de ministros, la Secretar\u00eda de Derechos Humanos y G\u00e9neros, y la asistencia del gobernador de la provincia. Asimismo, tambi\u00e9n participan los familiares de las v\u00edctimas de muertes extrajudiciales o violencia institucional.<br \/>\n\u201cEste programa va a beneficiar a ni\u00f1os, ni\u00f1as y adolescentes o hijos de personas que hayan sido v\u00edctimas de violaciones a Derechos Humanos de parte de fuerzas del Estado, de seguridad, policial o servicio penitenciario\u201d, detall\u00f3. \u201cEs una forma de reparaci\u00f3n mucho m\u00e1s \u00e1gil que la que hoy se ven\u00eda haciendo con una acci\u00f3n judicial y llevaba mucho tiempo. Este decreto viene a subsanar esa dificultad y act\u00faa de manera inmediata. Es una reparaci\u00f3n econ\u00f3mica similar a las v\u00edctimas de los cr\u00edmenes de lesa humanidad\u201d, concluy\u00f3.<br \/>\n<<a href=\"http:\/\/www.avg.com\/email-signature?utm_medium=email&#038;utm_source=link&#038;utm_campaign=sig-email&#038;utm_content=webmail\">www.avg.com\/email-signature?utm_medium=email&amp;utm_source=link&amp;utm_campaign=sig-email&amp;utm_content=webmail<\/a>> Libre de virus.www.avg.com <<a href=\"http:\/\/www.avg.com\/email-signature?utm_medium=email&#038;utm_source=link&#038;utm_campaign=sig-email&#038;utm_content=webmail\">www.avg.com\/email-signature?utm_medium=email&amp;utm_source=link&amp;utm_campaign=sig-email&amp;utm_content=webmail<\/a>> <#DAB4FAD8-2DD7-40BB-A1B8-4E2AA1F9FDF2><\/div>\n","protected":false},"excerpt":{"rendered":"<p>\u201cEste programa va a beneficiar a ni\u00f1os, ni\u00f1as y adolescentes o hijos de personas que hayan sido v\u00edctimas de violaciones a Derechos Humanos de parte de fuerzas del Estado, de seguridad, policial o servicio penitenciario\u201d, detall\u00f3 Dar\u00edo G\u00f3mez, miembro de la Comisi\u00f3n para la Prevenci\u00f3n de la Tortura. Dar\u00edo G\u00f3mez, miembro de la Comisi\u00f3n para [&hellip;]<\/p>\n","protected":false},"author":1,"featured_media":27624,"comment_status":"closed","ping_status":"closed","sticky":false,"template":"","format":"standard","meta":{"footnotes":""},"categories":[6],"tags":[],"class_list":{"0":"post-27623","1":"post","2":"type-post","3":"status-publish","4":"format-standard","5":"has-post-thumbnail","7":"category-chaco"},"_links":{"self":[{"href":"https:\/\/chacosintesis.com.ar\/index.php\/wp-json\/wp\/v2\/posts\/27623","targetHints":{"allow":["GET"]}}],"collection":[{"href":"https:\/\/chacosintesis.com.ar\/index.php\/wp-json\/wp\/v2\/posts"}],"about":[{"href":"https:\/\/chacosintesis.com.ar\/index.php\/wp-json\/wp\/v2\/types\/post"}],"author":[{"embeddable":true,"href":"https:\/\/chacosintesis.com.ar\/index.php\/wp-json\/wp\/v2\/users\/1"}],"replies":[{"embeddable":true,"href":"https:\/\/chacosintesis.com.ar\/index.php\/wp-json\/wp\/v2\/comments?post=27623"}],"version-history":[{"count":0,"href":"https:\/\/chacosintesis.com.ar\/index.php\/wp-json\/wp\/v2\/posts\/27623\/revisions"}],"wp:featuredmedia":[{"embeddable":true,"href":"https:\/\/chacosintesis.com.ar\/index.php\/wp-json\/wp\/v2\/media\/27624"}],"wp:attachment":[{"href":"https:\/\/chacosintesis.com.ar\/index.php\/wp-json\/wp\/v2\/media?parent=27623"}],"wp:term":[{"taxonomy":"category","embeddable":true,"href":"https:\/\/chacosintesis.com.ar\/index.php\/wp-json\/wp\/v2\/categories?post=27623"},{"taxonomy":"post_tag","embeddable":true,"href":"https:\/\/chacosintesis.com.ar\/index.php\/wp-json\/wp\/v2\/tags?post=27623"}],"curies":[{"name":"wp","href":"https:\/\/api.w.org\/{rel}","templated":true}]}}