{"id":27619,"date":"2023-10-04T19:32:41","date_gmt":"2023-10-04T22:32:41","guid":{"rendered":"https:\/\/chacosintesis.com.ar\/?p=27619"},"modified":"2023-10-04T19:37:07","modified_gmt":"2023-10-04T22:37:07","slug":"el-gobierno-entrego-dos-viviendas-en-el-barrio-villa-inmaculada","status":"publish","type":"post","link":"https:\/\/chacosintesis.com.ar\/index.php\/el-gobierno-entrego-dos-viviendas-en-el-barrio-villa-inmaculada\/","title":{"rendered":"El Gobierno entreg\u00f3 dos viviendas en el Barrio Villa Inmaculada"},"content":{"rendered":"<div class=\"postie-post\">Fueron construidas por la Fundaci\u00f3n Desarrollo Territorial de Bases a trav\u00e9s del Instituto de Agricultura Familiar y Econom\u00eda Popular (IAFEP).<br \/>\nEsta ma\u00f1ana, la vicegobernadora Anal\u00eda Rach Quiroga encabez\u00f3 la entrega de dos viviendas a vecinos del Barrio Villa Inmaculada de la ciudad de Resistencia.<br \/>\nLas mismas forman parte de cinco soluciones habitacionales construidas por la Fundaci\u00f3n Desarrollo Territorial de Bases a trav\u00e9s del Instituto de Agricultura Familiar y Econom\u00eda Popular (IAFEP), de las cuales una ya fue entregada en el mes de abril y dos se encuentran pr\u00f3ximas a concretarse.<br \/>\nEn esta ocasi\u00f3n, Isabel Ort\u00edz, presidente de la mencionada fundaci\u00f3n cont\u00f3: \u201cIniciamos esta obra en febrero, comenzamos con la construcci\u00f3n de dos viviendas que terminamos en el mes de septiembre, fue bastante r\u00e1pido\u201d.<br \/>\n\u201cGracias a IAFEP pudimos dar inicio a estas viviendas que son para personas que necesitan realmente. Estamos muy contentos\u201d, expres\u00f3 Isabel Ort\u00edz. \u201cTenemos un equipo de alba\u00f1iles en la fundaci\u00f3n y vamos rindiendo por etapas\u201d, detall\u00f3.<br \/>\nPor su parte, Antonia Ort\u00edz una de las beneficiarias, manifest\u00f3 que estas nuevas viviendas \u201csignifican un buen vivir, ahora puedo concretar el sue\u00f1o que siempre esper\u00e9\u201d. \u201cHace 25 a\u00f1os que vivo en el barrio y ahora se me cumpli\u00f3\u201d, expres\u00f3.<\/p>\n<p>&lt;<a href=\"http:\/\/www.avg.com\/email-signature?utm_medium=email&amp;utm_source=link&amp;utm_campaign=sig-email&amp;utm_content=webmail\">www.avg.com\/email-signature?utm_medium=email&amp;utm_source=link&amp;utm_campaign=sig-email&amp;utm_content=webmail<\/a>&gt; Libre de virus.www.avg.com &lt;<a href=\"http:\/\/www.avg.com\/email-signature?utm_medium=email&amp;utm_source=link&amp;utm_campaign=sig-email&amp;utm_content=webmail\">www.avg.com\/email-signature?utm_medium=email&amp;utm_source=link&amp;utm_campaign=sig-email&amp;utm_content=webmail<\/a>&gt; <\/div>\n","protected":false},"excerpt":{"rendered":"<p>Fueron construidas por la Fundaci\u00f3n Desarrollo Territorial de Bases a trav\u00e9s del Instituto de Agricultura Familiar y Econom\u00eda Popular (IAFEP). Esta ma\u00f1ana, la vicegobernadora Anal\u00eda Rach Quiroga encabez\u00f3 la entrega de dos viviendas a vecinos del Barrio Villa Inmaculada de la ciudad de Resistencia. Las mismas forman parte de cinco soluciones habitacionales construidas por la [&hellip;]<\/p>\n","protected":false},"author":1,"featured_media":27620,"comment_status":"closed","ping_status":"closed","sticky":false,"template":"","format":"standard","meta":{"footnotes":""},"categories":[6],"tags":[],"class_list":{"0":"post-27619","1":"post","2":"type-post","3":"status-publish","4":"format-standard","5":"has-post-thumbnail","7":"category-chaco"},"_links":{"self":[{"href":"https:\/\/chacosintesis.com.ar\/index.php\/wp-json\/wp\/v2\/posts\/27619","targetHints":{"allow":["GET"]}}],"collection":[{"href":"https:\/\/chacosintesis.com.ar\/index.php\/wp-json\/wp\/v2\/posts"}],"about":[{"href":"https:\/\/chacosintesis.com.ar\/index.php\/wp-json\/wp\/v2\/types\/post"}],"author":[{"embeddable":true,"href":"https:\/\/chacosintesis.com.ar\/index.php\/wp-json\/wp\/v2\/users\/1"}],"replies":[{"embeddable":true,"href":"https:\/\/chacosintesis.com.ar\/index.php\/wp-json\/wp\/v2\/comments?post=27619"}],"version-history":[{"count":0,"href":"https:\/\/chacosintesis.com.ar\/index.php\/wp-json\/wp\/v2\/posts\/27619\/revisions"}],"wp:featuredmedia":[{"embeddable":true,"href":"https:\/\/chacosintesis.com.ar\/index.php\/wp-json\/wp\/v2\/media\/27620"}],"wp:attachment":[{"href":"https:\/\/chacosintesis.com.ar\/index.php\/wp-json\/wp\/v2\/media?parent=27619"}],"wp:term":[{"taxonomy":"category","embeddable":true,"href":"https:\/\/chacosintesis.com.ar\/index.php\/wp-json\/wp\/v2\/categories?post=27619"},{"taxonomy":"post_tag","embeddable":true,"href":"https:\/\/chacosintesis.com.ar\/index.php\/wp-json\/wp\/v2\/tags?post=27619"}],"curies":[{"name":"wp","href":"https:\/\/api.w.org\/{rel}","templated":true}]}}