{"id":27605,"date":"2023-10-03T17:48:44","date_gmt":"2023-10-03T20:48:44","guid":{"rendered":"https:\/\/chacosintesis.com.ar\/?p=27605"},"modified":"2023-10-03T18:07:42","modified_gmt":"2023-10-03T21:07:42","slug":"la-legislatura-vuelve-a-sesionar-con-cinco-proyectos-en-el-orden-del-dia","status":"publish","type":"post","link":"https:\/\/chacosintesis.com.ar\/index.php\/la-legislatura-vuelve-a-sesionar-con-cinco-proyectos-en-el-orden-del-dia\/","title":{"rendered":"La Legislatura vuelve a sesionar con cinco proyectos en el Orden del D\u00eda"},"content":{"rendered":"<div class=\"postie-post\">En la habitual reuni\u00f3n, diputadas y diputados definieron el temario acotado para este mi\u00e9rcoles, en el que se destaca tratamiento del veto a la creaci\u00f3n de cargos en el Ministerio P\u00fablico de la Defensa y la implementaci\u00f3n de un examen psicodiagn\u00f3stico para quienes trabajen en contacto con ni\u00f1as, ni\u00f1os y adolescentes.<br \/>\nLegisladoras y legisladores de los distintos espacios pol\u00edticos participaron este martes de la habitual reuni\u00f3n de Labor Parlamentaria, en la que definieron un temario acotado a cinco proyectos de ley que ser\u00e1n abordados en la sesi\u00f3n ordinaria de este mi\u00e9rcoles.<br \/>\nEn el encuentro, estuvieron presentes Atlanto Honcheruk y Hugo Sager y las diputadas Paola Ben\u00edtez, Teresa Cubells.<br \/>\nLa primera iniciativa a abordar es de autor\u00eda de Juan Jos\u00e9 Bergia y propone establecer la obligatoriedad de la realizaci\u00f3n de un examen psicodiagn\u00f3stico para toda persona que desempe\u00f1e un cargo, funci\u00f3n o actividad en la que se encuentre en contacto con ni\u00f1os, ni\u00f1as o adolescentes. La medida se aplicar\u00eda tanto en el \u00e1mbito p\u00fablico como en el privado, en forma previa al ingreso a la organizaci\u00f3n.<br \/>\nEn segundo t\u00e9rmino, los y las legisladoras tratar\u00e1n el proyecto de ley que tiene por objetivo declarar a Barranqueras como la \u201cCapital Provincial de los Deportes N\u00e1uticos\u201d. La iniciativa cuenta con dictamen aprobatorio un\u00e1nime en la Comisi\u00f3n de Turismo y Deporte.<br \/>\nLuego, el Cuerpo Parlamentario buscar\u00e1 sancionar una modificaci\u00f3n al art\u00edculo 2\u00b0 de la Ley 1613-A, del Estatuto del Periodista y empresas period\u00edsticas. La intenci\u00f3n es que se establezca la participaci\u00f3n activa de las asociaciones sindicales en el convenio que  el Poder Ejecutivo deber\u00e1, en un t\u00e9rmino perentorio, propiciar con el Poder Ejecutivo Nacional, para el cumplimiento y aplicaci\u00f3n de las disposiciones contenidas en las leyes 12.908 \u2013del Estatuto del Periodista Profesional \u2013 y 12.921 \u2013del Estatuto del Empleado Administrativo de Empresas Period\u00edsticas.<br \/>\nTambi\u00e9n est\u00e1 previsto el tratamiento del veto total a la sanci\u00f3n legislativa n\u00ba 3884-A  que crea cargo en el Ministerio P\u00fablico de la Defensa del Poder Judicial. Hay que recordar que la Comisi\u00f3n de Legislaci\u00f3n General ,Justicia y Seguridad recomend\u00f3 rechazar el veto tras recibir a la defensora General, Alicia Alcal\u00e1, quien fundament\u00f3 la necesidad de la ley.<br \/>\nPor \u00faltimo, este mi\u00e9rcoles se tratar\u00e1 un proyecto que propone incluir un p\u00e1rrafo del art\u00edculo 126 de la ley 800 H, relacionado al monto del haber mensual de la jubilaci\u00f3n docente.<br \/>\nLa sesi\u00f3n legislativa tendr\u00e1 lugar, como cada mi\u00e9rcoles, en el recinto Deolindo F. Bittel.<\/div>\n","protected":false},"excerpt":{"rendered":"<p>En la habitual reuni\u00f3n, diputadas y diputados definieron el temario acotado para este mi\u00e9rcoles, en el que se destaca tratamiento del veto a la creaci\u00f3n de cargos en el Ministerio P\u00fablico de la Defensa y la implementaci\u00f3n de un examen psicodiagn\u00f3stico para quienes trabajen en contacto con ni\u00f1as, ni\u00f1os y adolescentes. Legisladoras y legisladores de [&hellip;]<\/p>\n","protected":false},"author":1,"featured_media":27606,"comment_status":"closed","ping_status":"closed","sticky":false,"template":"","format":"standard","meta":{"footnotes":""},"categories":[6],"tags":[],"class_list":{"0":"post-27605","1":"post","2":"type-post","3":"status-publish","4":"format-standard","5":"has-post-thumbnail","7":"category-chaco"},"_links":{"self":[{"href":"https:\/\/chacosintesis.com.ar\/index.php\/wp-json\/wp\/v2\/posts\/27605","targetHints":{"allow":["GET"]}}],"collection":[{"href":"https:\/\/chacosintesis.com.ar\/index.php\/wp-json\/wp\/v2\/posts"}],"about":[{"href":"https:\/\/chacosintesis.com.ar\/index.php\/wp-json\/wp\/v2\/types\/post"}],"author":[{"embeddable":true,"href":"https:\/\/chacosintesis.com.ar\/index.php\/wp-json\/wp\/v2\/users\/1"}],"replies":[{"embeddable":true,"href":"https:\/\/chacosintesis.com.ar\/index.php\/wp-json\/wp\/v2\/comments?post=27605"}],"version-history":[{"count":0,"href":"https:\/\/chacosintesis.com.ar\/index.php\/wp-json\/wp\/v2\/posts\/27605\/revisions"}],"wp:featuredmedia":[{"embeddable":true,"href":"https:\/\/chacosintesis.com.ar\/index.php\/wp-json\/wp\/v2\/media\/27606"}],"wp:attachment":[{"href":"https:\/\/chacosintesis.com.ar\/index.php\/wp-json\/wp\/v2\/media?parent=27605"}],"wp:term":[{"taxonomy":"category","embeddable":true,"href":"https:\/\/chacosintesis.com.ar\/index.php\/wp-json\/wp\/v2\/categories?post=27605"},{"taxonomy":"post_tag","embeddable":true,"href":"https:\/\/chacosintesis.com.ar\/index.php\/wp-json\/wp\/v2\/tags?post=27605"}],"curies":[{"name":"wp","href":"https:\/\/api.w.org\/{rel}","templated":true}]}}