{"id":27603,"date":"2023-10-03T17:46:59","date_gmt":"2023-10-03T20:46:59","guid":{"rendered":"https:\/\/chacosintesis.com.ar\/?p=27603"},"modified":"2023-10-03T18:07:37","modified_gmt":"2023-10-03T21:07:37","slug":"alertan-por-tormentas-fuertes-para-la-tarde-de-este-martes","status":"publish","type":"post","link":"https:\/\/chacosintesis.com.ar\/index.php\/alertan-por-tormentas-fuertes-para-la-tarde-de-este-martes\/","title":{"rendered":"Alertan por tormentas fuertes para la tarde de este martes"},"content":{"rendered":"<div class=\"postie-post\">El Este provincial se encuentra bajo alerta amarilla por tormentas fuertes, acompa\u00f1adas por ocasional ca\u00edda de granizo, r\u00e1fagas fuertes e intensa actividad el\u00e9ctrica.<br \/>\nLa Administraci\u00f3n Provincial del Agua (APA) alert\u00f3 que, desde la tarde de este martes, se esperan tormentas de variada intensidad en el Este provincial, que se extender\u00e1n hasta la ma\u00f1ana del mi\u00e9rcoles inclusive. Por ello insta a la poblaci\u00f3n a tomar los cuidados necesarios y recuerda las l\u00edneas de comunicaci\u00f3n y contacto ante contingencias. El Servicio Meteorol\u00f3gico Nacional (SMN) emiti\u00f3 alerta amarilla por tormentas fuertes desde esta noche hasta la ma\u00f1ana del mi\u00e9rcoles, principalmente para el sector Este del territorio chaque\u00f1o que abarca a los departamentos Bermejo, General Donovan, Libertad, 1\u00b0 de Mayo y San Fernando. El \u00e1rea ser\u00e1 afectada por tormentas fuertes, acompa\u00f1adas por ocasional ca\u00edda de granizo, r\u00e1fagas fuertes, intensa actividad el\u00e9ctrica y abundante ca\u00edda de agua en cortos per\u00edodos. Se estiman valores de precipitaci\u00f3n acumulada entre los 40 y 70 mil\u00edmetros, pudiendo ser superados de forma puntual. El SMN recomienda: no sacar la basura y retirar objetos que impidan el escurrimiento del agua; evitar actividades al aire libre; no refugiarse cerca de \u00e1rboles y postes de electricidad que puedan caerse; no permanecer en playas, r\u00edos, lagunas o piletas; estar atento ante la posible ca\u00edda de granizo; informarse por las autoridades. Ante tormentas el\u00e9ctricas y vientos fuertes el gobierno provincial recomienda permanecer en el hogar o en alg\u00fan lugar cerrado; desconectar servicios de electricidad; cerrar ventanas, cortinas y asegurar las puertas que dan al exterior.<br \/>\n L\u00edneas de comunicaci\u00f3n<br \/>\nLas l\u00edneas de comunicaci\u00f3n ante cualquier eventualidad son: Bomberos: 100; Emergencia M\u00e9dica: 107; Sistema Policial: 911; Defensa Civil: 103; APA: 362 4419990; Asistencia Social: 362 402-4802; Secheep: 364-437-7044; MIRAME: 0800-888-6472.<\/div>\n","protected":false},"excerpt":{"rendered":"<p>El Este provincial se encuentra bajo alerta amarilla por tormentas fuertes, acompa\u00f1adas por ocasional ca\u00edda de granizo, r\u00e1fagas fuertes e intensa actividad el\u00e9ctrica. La Administraci\u00f3n Provincial del Agua (APA) alert\u00f3 que, desde la tarde de este martes, se esperan tormentas de variada intensidad en el Este provincial, que se extender\u00e1n hasta la ma\u00f1ana del mi\u00e9rcoles [&hellip;]<\/p>\n","protected":false},"author":1,"featured_media":27604,"comment_status":"closed","ping_status":"closed","sticky":false,"template":"","format":"standard","meta":{"footnotes":""},"categories":[6],"tags":[],"class_list":{"0":"post-27603","1":"post","2":"type-post","3":"status-publish","4":"format-standard","5":"has-post-thumbnail","7":"category-chaco"},"_links":{"self":[{"href":"https:\/\/chacosintesis.com.ar\/index.php\/wp-json\/wp\/v2\/posts\/27603","targetHints":{"allow":["GET"]}}],"collection":[{"href":"https:\/\/chacosintesis.com.ar\/index.php\/wp-json\/wp\/v2\/posts"}],"about":[{"href":"https:\/\/chacosintesis.com.ar\/index.php\/wp-json\/wp\/v2\/types\/post"}],"author":[{"embeddable":true,"href":"https:\/\/chacosintesis.com.ar\/index.php\/wp-json\/wp\/v2\/users\/1"}],"replies":[{"embeddable":true,"href":"https:\/\/chacosintesis.com.ar\/index.php\/wp-json\/wp\/v2\/comments?post=27603"}],"version-history":[{"count":0,"href":"https:\/\/chacosintesis.com.ar\/index.php\/wp-json\/wp\/v2\/posts\/27603\/revisions"}],"wp:featuredmedia":[{"embeddable":true,"href":"https:\/\/chacosintesis.com.ar\/index.php\/wp-json\/wp\/v2\/media\/27604"}],"wp:attachment":[{"href":"https:\/\/chacosintesis.com.ar\/index.php\/wp-json\/wp\/v2\/media?parent=27603"}],"wp:term":[{"taxonomy":"category","embeddable":true,"href":"https:\/\/chacosintesis.com.ar\/index.php\/wp-json\/wp\/v2\/categories?post=27603"},{"taxonomy":"post_tag","embeddable":true,"href":"https:\/\/chacosintesis.com.ar\/index.php\/wp-json\/wp\/v2\/tags?post=27603"}],"curies":[{"name":"wp","href":"https:\/\/api.w.org\/{rel}","templated":true}]}}