{"id":27585,"date":"2023-10-03T17:30:12","date_gmt":"2023-10-03T20:30:12","guid":{"rendered":"https:\/\/chacosintesis.com.ar\/?p=27585"},"modified":"2023-10-03T17:37:39","modified_gmt":"2023-10-03T20:37:39","slug":"juan-jose-castelli-celebra-su-87-aniversario","status":"publish","type":"post","link":"https:\/\/chacosintesis.com.ar\/index.php\/juan-jose-castelli-celebra-su-87-aniversario\/","title":{"rendered":"Juan Jos\u00e9 Castelli celebra su 87\u00b0 aniversario"},"content":{"rendered":"<div class=\"postie-post\">\u201cHay un balance positivo para la ciudad de Juan Jos\u00e9 Castelli. Es un lugar que en estos cuatro \u00faltimos tiempos ha crecido much\u00edsimo. Con el gobernador Capitanich pudimos darle una impronta muy importante\u201d, manifest\u00f3 el intendente P\u00edo Sander.<br \/>\nEl intendente P\u00edo Sander dialog\u00f3 con Chaco TV y destac\u00f3 el crecimiento de la localidad en el festejo de su 87\u00b0 aniversario. \u201cHay un balance positivo para la ciudad de Juan Jos\u00e9 Castelli. Es un lugar que en estos cuatro \u00faltimos tiempos ha crecido much\u00edsimo. Con el gobernador Capitanich pudimos darle una impronta muy importante\u201d, manifest\u00f3.<br \/>\nEn este sentido, se\u00f1al\u00f3 que \u201cse puede ver a la ciudad de otra forma y hay una expectativa enorme de crecimiento a trav\u00e9s de obras importantes\u201d. \u201cSomos aproximadamente 60 mil habitantes, estamos en las puertas del Impenetrable y la verdad que estamos muy contentos por lo que fuimos capaces de lograr gracias a una mirada muy especial del Gobierno del Chaco para que Castelli tenga este salto de calidad\u201d, resalt\u00f3.<br \/>\nEsta ma\u00f1ana se realiz\u00f3 el acto protocolar en la plaza San Mart\u00edn para celebrar estos 87 a\u00f1os de Juan Jos\u00e9 Castelli y por la tarde en el predio Guardamonte se llevar\u00e1 a cabo un acto popular con un festival que tendr\u00e1 la presencia de m\u00fasicos de Castelli y de diferentes comunidades. Habr\u00e1 diversos estilos de m\u00fasica y tambi\u00e9n habr\u00e1 ballet municipal y diversas escuelas de danza, con chicos que viene desde Rosario para el cierre del festejo.<\/div>\n","protected":false},"excerpt":{"rendered":"<p>\u201cHay un balance positivo para la ciudad de Juan Jos\u00e9 Castelli. Es un lugar que en estos cuatro \u00faltimos tiempos ha crecido much\u00edsimo. Con el gobernador Capitanich pudimos darle una impronta muy importante\u201d, manifest\u00f3 el intendente P\u00edo Sander. El intendente P\u00edo Sander dialog\u00f3 con Chaco TV y destac\u00f3 el crecimiento de la localidad en el [&hellip;]<\/p>\n","protected":false},"author":1,"featured_media":27586,"comment_status":"closed","ping_status":"closed","sticky":false,"template":"","format":"standard","meta":{"footnotes":""},"categories":[6],"tags":[],"class_list":{"0":"post-27585","1":"post","2":"type-post","3":"status-publish","4":"format-standard","5":"has-post-thumbnail","7":"category-chaco"},"_links":{"self":[{"href":"https:\/\/chacosintesis.com.ar\/index.php\/wp-json\/wp\/v2\/posts\/27585","targetHints":{"allow":["GET"]}}],"collection":[{"href":"https:\/\/chacosintesis.com.ar\/index.php\/wp-json\/wp\/v2\/posts"}],"about":[{"href":"https:\/\/chacosintesis.com.ar\/index.php\/wp-json\/wp\/v2\/types\/post"}],"author":[{"embeddable":true,"href":"https:\/\/chacosintesis.com.ar\/index.php\/wp-json\/wp\/v2\/users\/1"}],"replies":[{"embeddable":true,"href":"https:\/\/chacosintesis.com.ar\/index.php\/wp-json\/wp\/v2\/comments?post=27585"}],"version-history":[{"count":0,"href":"https:\/\/chacosintesis.com.ar\/index.php\/wp-json\/wp\/v2\/posts\/27585\/revisions"}],"wp:featuredmedia":[{"embeddable":true,"href":"https:\/\/chacosintesis.com.ar\/index.php\/wp-json\/wp\/v2\/media\/27586"}],"wp:attachment":[{"href":"https:\/\/chacosintesis.com.ar\/index.php\/wp-json\/wp\/v2\/media?parent=27585"}],"wp:term":[{"taxonomy":"category","embeddable":true,"href":"https:\/\/chacosintesis.com.ar\/index.php\/wp-json\/wp\/v2\/categories?post=27585"},{"taxonomy":"post_tag","embeddable":true,"href":"https:\/\/chacosintesis.com.ar\/index.php\/wp-json\/wp\/v2\/tags?post=27585"}],"curies":[{"name":"wp","href":"https:\/\/api.w.org\/{rel}","templated":true}]}}