{"id":27579,"date":"2023-10-03T17:20:38","date_gmt":"2023-10-03T20:20:38","guid":{"rendered":"https:\/\/chacosintesis.com.ar\/?p=27579"},"modified":"2023-10-03T17:37:25","modified_gmt":"2023-10-03T20:37:25","slug":"se-inaugura-la-muestra-nada-para-pensar-de-lyon-fernandez-en-el-muba","status":"publish","type":"post","link":"https:\/\/chacosintesis.com.ar\/index.php\/se-inaugura-la-muestra-nada-para-pensar-de-lyon-fernandez-en-el-muba\/","title":{"rendered":"Se inaugura la muestra \u201cNada para pensar\u201d de Lyon Fern\u00e1ndez en el MUBA"},"content":{"rendered":"<div class=\"postie-post\">Este viernes a las 20:30, en el Museo de Artes Ren\u00e9 Brusau (MUBA) se inaugurar\u00e1 la muestra \u201cNada para pensar\u201d del artista Lyon Fern\u00e1ndez. La obra es parte de la selecci\u00f3n de la convocatoria para Proyectos Expositivos 2023. La cita es en la sala 2 del tercer piso de la Casa de las Culturas, ubicada en Marcelo T de Alvear 90.<br \/>\n\u201cNada para pensar\u201d deviene de un proceso de investigaci\u00f3n y producci\u00f3n que Lyon viene  desarrollando hace algunos a\u00f1os. Es un proyecto que propone replantear la representaci\u00f3n cl\u00e1sica de las im\u00e1genes, ya que vivimos insertos en un contexto de constante transformaci\u00f3n en la cultura y la comunicaci\u00f3n visual en todos los niveles.<br \/>\nLa obra consta de una selecci\u00f3n de ilustraciones digitales creadas a partir de fotograf\u00edas que Lyon fue capturando a lo largo del tiempo. Se vale de programas y herramientas digitales para generar representaciones m\u00e1s elaboradas, a partir de l\u00edneas va creando nuevos personajes vibrantes y absurdos, donde digital art y arte pop se fusionan para plasmar un nuevo camino.<br \/>\nEl artista<br \/>\nNacido en Machagai Chaco, actualmente reside y trabaja en Resistencia, Chaco. Lyon Fern\u00e1ndez Inici\u00f3 su carrera art\u00edstica de forma autodidacta tanto en pintura como en fotograf\u00eda, A partir del 2010 comenz\u00f3 su formaci\u00f3n en el taller de arte visuales de la Universidad Nacional del Nordeste, durante el 2011\/2012 curso fotograf\u00eda en el museo de medios dictado por H\u00e9ctor Ram\u00edrez y el taller de fotograf\u00eda experimental de la fot\u00f3grafa Minhalarika.<br \/>\nDesde el 2012 hasta 2014 form\u00f3 parte del Taller del Artista Diego Figueroa (Esto No es una academia). Particip\u00f3 en m\u00faltiples muestras de pintura y fotograf\u00eda en la provincia del Chaco,Corrientes, Misiones y Tucum\u00e1n.<br \/>\nFue becado por el fondo nacional de las artes para participar en talleres de obra realizados por Ver\u00f3nica G\u00f3mez y Leila Tschopp (2013), Roberto Echen (2014), Marcelo S\u00e1nchez Dansey (2014), Pablo Siquier (2015). Co-director con Bruno del Giudice de Mula, galer\u00eda n\u00f3made. Becados por el fondo nacional de las artes en Becas a la creaci\u00f3n 2017\/2018.<br \/>\nLa exposici\u00f3n cuenta con el apoyo de Bodega Ros &amp; Gran @ros.y.gran.<\/div>\n","protected":false},"excerpt":{"rendered":"<p>Este viernes a las 20:30, en el Museo de Artes Ren\u00e9 Brusau (MUBA) se inaugurar\u00e1 la muestra \u201cNada para pensar\u201d del artista Lyon Fern\u00e1ndez. La obra es parte de la selecci\u00f3n de la convocatoria para Proyectos Expositivos 2023. La cita es en la sala 2 del tercer piso de la Casa de las Culturas, ubicada [&hellip;]<\/p>\n","protected":false},"author":1,"featured_media":27580,"comment_status":"closed","ping_status":"closed","sticky":false,"template":"","format":"standard","meta":{"footnotes":""},"categories":[6],"tags":[],"class_list":{"0":"post-27579","1":"post","2":"type-post","3":"status-publish","4":"format-standard","5":"has-post-thumbnail","7":"category-chaco"},"_links":{"self":[{"href":"https:\/\/chacosintesis.com.ar\/index.php\/wp-json\/wp\/v2\/posts\/27579","targetHints":{"allow":["GET"]}}],"collection":[{"href":"https:\/\/chacosintesis.com.ar\/index.php\/wp-json\/wp\/v2\/posts"}],"about":[{"href":"https:\/\/chacosintesis.com.ar\/index.php\/wp-json\/wp\/v2\/types\/post"}],"author":[{"embeddable":true,"href":"https:\/\/chacosintesis.com.ar\/index.php\/wp-json\/wp\/v2\/users\/1"}],"replies":[{"embeddable":true,"href":"https:\/\/chacosintesis.com.ar\/index.php\/wp-json\/wp\/v2\/comments?post=27579"}],"version-history":[{"count":0,"href":"https:\/\/chacosintesis.com.ar\/index.php\/wp-json\/wp\/v2\/posts\/27579\/revisions"}],"wp:featuredmedia":[{"embeddable":true,"href":"https:\/\/chacosintesis.com.ar\/index.php\/wp-json\/wp\/v2\/media\/27580"}],"wp:attachment":[{"href":"https:\/\/chacosintesis.com.ar\/index.php\/wp-json\/wp\/v2\/media?parent=27579"}],"wp:term":[{"taxonomy":"category","embeddable":true,"href":"https:\/\/chacosintesis.com.ar\/index.php\/wp-json\/wp\/v2\/categories?post=27579"},{"taxonomy":"post_tag","embeddable":true,"href":"https:\/\/chacosintesis.com.ar\/index.php\/wp-json\/wp\/v2\/tags?post=27579"}],"curies":[{"name":"wp","href":"https:\/\/api.w.org\/{rel}","templated":true}]}}