{"id":27577,"date":"2023-10-03T17:18:28","date_gmt":"2023-10-03T20:18:28","guid":{"rendered":"https:\/\/chacosintesis.com.ar\/?p=27577"},"modified":"2023-10-03T17:37:19","modified_gmt":"2023-10-03T20:37:19","slug":"la-cartera-de-educacion-lanza-la-campana-octubre-mes-de-la-educacion-especial","status":"publish","type":"post","link":"https:\/\/chacosintesis.com.ar\/index.php\/la-cartera-de-educacion-lanza-la-campana-octubre-mes-de-la-educacion-especial\/","title":{"rendered":"La cartera de Educaci\u00f3n lanza la campa\u00f1a \u201cOctubre, mes de la Educaci\u00f3n Especial\u201d"},"content":{"rendered":"<div class=\"postie-post\">La propuesta busca generar actividades para pensar la inclusi\u00f3n de las personas con discapacidad en las escuelas. Tambi\u00e9n se celebrar\u00e1 el 17\u00ba aniversario de la ley de Educaci\u00f3n Sexual Integral.<br \/>\nMa\u00f1ana mi\u00e9rcoles 4 se realizar\u00e1 el lanzamiento oficial de la campa\u00f1a \u201cOctubre, mes de la Educaci\u00f3n Especial\u201d. Esta propuesta del Ministerio de Educaci\u00f3n del Chaco dise\u00f1\u00f3 acciones para trabajar en las escuelas de toda la provincia la concientizaci\u00f3n del derecho social a la educaci\u00f3n que tienen las personas con discapacidad. La cita es en la Escuela de Educaci\u00f3n Especial N\u00ba 29 de Puerto Vilelas, donde tambi\u00e9n se celebrar\u00e1 el d\u00e9cimo s\u00e9ptimo aniversario de la sanci\u00f3n de la Ley N\u00ba 6.150 de Educaci\u00f3n Sexual Integral (ESI).<br \/>\nEn di\u00e1logo con Chaco TV, M\u00f3nica Dom\u00ednguez, directora de Educaci\u00f3n Especial, adelant\u00f3 que durante el mes de octubre todas las escuelas del Chaco realizar\u00e1n jornadas de reflexi\u00f3n y compartir\u00e1n experiencias de buenas pr\u00e1cticas de Educaci\u00f3n Especial en el sistema educativo. \u201cEl objetivo es que cada establecimiento pueda elegir qu\u00e9 actividades puede hacer para concientizar sobre el derecho social de las personas con discapacidad a la educaci\u00f3n\u201d.<br \/>\nLa funcionaria record\u00f3 que la provincia es pionera en materia de Educaci\u00f3n Especial, a trav\u00e9s de la Resoluci\u00f3n N\u00ba 828, que establece la pertenencia e inclusi\u00f3n de las personas con discapacidad en todos los niveles del sistema educativo. \u201cYa en 1998 se inici\u00f3 en el Chaco la inclusi\u00f3n escolar de las personas con discapacidad y hoy seguimos trabajando para fortalecer el v\u00ednculo y las acciones de la docencia de la modalidad en los distintos niveles del sistema educativo p\u00fablico chaque\u00f1o\u201d, coment\u00f3 Dom\u00ednguez.<br \/>\nFestejo de ESI<br \/>\nEn la oportunidad, tambi\u00e9n se celebrar\u00e1 los 17 a\u00f1os de sanci\u00f3n de la ESI, que hoy permite a las y los estudiantes de todos los niveles del sistema educativo argentino contar con un espacio seguro y respetuoso para hablar de sus v\u00ednculos y sexualidad.<br \/>\nEntre los aportes de la ESI a la escuela se puede decir que este enfoque ampl\u00eda el horizonte a nuevos saberes y sentires, transforma la vida institucional y habilita nuevos temas e interrogantes de gran relevancia en la vida de las ni\u00f1eces, adolescencias y de la sociedad en general. La ESI reconoce a la escuela como un \u00e1mbito privilegiado para la promoci\u00f3n y el ejercicio de los derechos, y permite contar con conocimientos cient\u00edficos, precisos, actualizados y adecuados para cada etapa del desarrollo de las personas.<\/div>\n","protected":false},"excerpt":{"rendered":"<p>La propuesta busca generar actividades para pensar la inclusi\u00f3n de las personas con discapacidad en las escuelas. Tambi\u00e9n se celebrar\u00e1 el 17\u00ba aniversario de la ley de Educaci\u00f3n Sexual Integral. Ma\u00f1ana mi\u00e9rcoles 4 se realizar\u00e1 el lanzamiento oficial de la campa\u00f1a \u201cOctubre, mes de la Educaci\u00f3n Especial\u201d. Esta propuesta del Ministerio de Educaci\u00f3n del Chaco [&hellip;]<\/p>\n","protected":false},"author":1,"featured_media":27578,"comment_status":"closed","ping_status":"closed","sticky":false,"template":"","format":"standard","meta":{"footnotes":""},"categories":[6],"tags":[],"class_list":{"0":"post-27577","1":"post","2":"type-post","3":"status-publish","4":"format-standard","5":"has-post-thumbnail","7":"category-chaco"},"_links":{"self":[{"href":"https:\/\/chacosintesis.com.ar\/index.php\/wp-json\/wp\/v2\/posts\/27577","targetHints":{"allow":["GET"]}}],"collection":[{"href":"https:\/\/chacosintesis.com.ar\/index.php\/wp-json\/wp\/v2\/posts"}],"about":[{"href":"https:\/\/chacosintesis.com.ar\/index.php\/wp-json\/wp\/v2\/types\/post"}],"author":[{"embeddable":true,"href":"https:\/\/chacosintesis.com.ar\/index.php\/wp-json\/wp\/v2\/users\/1"}],"replies":[{"embeddable":true,"href":"https:\/\/chacosintesis.com.ar\/index.php\/wp-json\/wp\/v2\/comments?post=27577"}],"version-history":[{"count":0,"href":"https:\/\/chacosintesis.com.ar\/index.php\/wp-json\/wp\/v2\/posts\/27577\/revisions"}],"wp:featuredmedia":[{"embeddable":true,"href":"https:\/\/chacosintesis.com.ar\/index.php\/wp-json\/wp\/v2\/media\/27578"}],"wp:attachment":[{"href":"https:\/\/chacosintesis.com.ar\/index.php\/wp-json\/wp\/v2\/media?parent=27577"}],"wp:term":[{"taxonomy":"category","embeddable":true,"href":"https:\/\/chacosintesis.com.ar\/index.php\/wp-json\/wp\/v2\/categories?post=27577"},{"taxonomy":"post_tag","embeddable":true,"href":"https:\/\/chacosintesis.com.ar\/index.php\/wp-json\/wp\/v2\/tags?post=27577"}],"curies":[{"name":"wp","href":"https:\/\/api.w.org\/{rel}","templated":true}]}}