{"id":27571,"date":"2023-10-03T16:44:38","date_gmt":"2023-10-03T19:44:38","guid":{"rendered":"https:\/\/chacosintesis.com.ar\/?p=27571"},"modified":"2023-10-03T17:07:14","modified_gmt":"2023-10-03T20:07:14","slug":"el-operativo-punto-de-todos-estuvo-en-la-plaza-de-la-integracion","status":"publish","type":"post","link":"https:\/\/chacosintesis.com.ar\/index.php\/el-operativo-punto-de-todos-estuvo-en-la-plaza-de-la-integracion\/","title":{"rendered":"El operativo &#8220;Punto de Todos&#8221; estuvo en la Plaza de la Integraci\u00f3n"},"content":{"rendered":"<div class=\"postie-post\">En cada una de las jornadas las vecinas y vecinos pueden consultar sobre diversos tr\u00e1mites de distintas entidades, como Registro Civil, Sameep, Secheep, Pami y Anses, entre otros.<br \/>\nEste martes desde las 9 y hasta las 12, el programa Punto de Todos del Gobierno provincial llev\u00f3 adelante un nuevo operativo en la plaza de la Integraci\u00f3n, ubicada en el cruce de las avenidas Espa\u00f1a y 9 de Julio de Resistencia. De esta manera, vecinos y vecinas realizan sus tr\u00e1mites, gestiones y consultas sobre servicios y programas del Estado en lugares de cercan\u00eda para que no tengan que trasladarse hasta las sedes de dependencias p\u00fablicas. Quienes se acercan pueden consultar sobre tr\u00e1mites y estados de cuenta de Sameep y Secheep, realizar tr\u00e1mites de DNI y recibir asesoramiento de Anses y Pami. Maia Vera, coordinadora del programa Punto de Todos para el gran Resistencia, expres\u00f3: \u201cEs importante tener presencia en espacios como este, donde se congregan muchos vecinos tanto de Resistencia como de Barranqueras\u201d. Valor\u00f3 la posibilidad de asesorar y guiar a los vecinos en los tr\u00e1mites de distintas dependencias estatales e inform\u00f3 sobre los pr\u00f3ximos puntos de encuentro. \u201cMa\u00f1ana mi\u00e9rcoles estaremos en la plazoleta de Villa Itat\u00ed, el jueves en Villa Elisa en la plazoleta 1 de Octubre y el viernes en la parcela 71 del barrio Provincias Unidas\u201d, coment\u00f3. En todos los casos, la convocatoria es de 9 a 12. Adem\u00e1s, en el mismo punto se reciben residuos reciclables a trav\u00e9s de la direcci\u00f3n de Pol\u00edticas e Incentivos ambientales, de la subsecretar\u00eda de Ambiente y Biodiversidad. Los vecinos podr\u00e1n acercar elementos pl\u00e1sticos, cartones y residuos electr\u00f3nicos, limpios y secos. El director de Pol\u00edticas e Incentivos Ambientales, Andr\u00e9s Reina, explic\u00f3 el destino que se le da a los materiales que llevan los vecinos: \u201cVan a organizaciones de recuperadores urbanos. El programa de Recuperadores que tiene la provincia cuenta con un registro de las organizaciones que realizan este trabajo y se llevan estos materiales para su reciclaje y comercializaci\u00f3n\u201d.<br \/>\nQu\u00e9 tr\u00e1mites se pueden realizar<br \/>\nQuienes acudan a las postas podr\u00e1n asesorarse y realizar tr\u00e1mites, como abonar facturas de Secheep o Sameep o solicitar asesoramiento en materia de cuestiones comerciales y de servicio (reimpresi\u00f3n de facturas, descarga de la App de la empresa, v\u00edas de contactos para consultas y\/o reclamos, o consulta de requisitos para la regularizaci\u00f3n de suministros domiciliarios). Desde el Iprodich, se asesora a personas con discapacidad y familiares, sobre el Certificado \u00danico de Discapacidad (CUD) y los beneficios que de \u00e9l se derivan. Adem\u00e1s, desde la Anses se puede consultar sobre el estado de tr\u00e1mites ya iniciados o requisitos para acceder a los distintos beneficios que ofrece el Estado Nacional a trav\u00e9s del ente. Se hacen tr\u00e1mites de asignaciones familiares (por hijo, por hijo con discapacidad o por hijo para el personal de servicio dom\u00e9stico, por Embarazo, Prenatal, por Matrimonio, por Maternidad, por Nacimiento o Adopci\u00f3n). Tambi\u00e9n se realiza la Actualizaci\u00f3n de Datos Personales (ADP); el reclamo de haberes impagos; solicitud de constancia de CUIL, asesoramiento en cr\u00e9ditos para jubilados y pensionados; y asesoramiento para jubilaciones y pensiones.<\/div>\n","protected":false},"excerpt":{"rendered":"<p>En cada una de las jornadas las vecinas y vecinos pueden consultar sobre diversos tr\u00e1mites de distintas entidades, como Registro Civil, Sameep, Secheep, Pami y Anses, entre otros. Este martes desde las 9 y hasta las 12, el programa Punto de Todos del Gobierno provincial llev\u00f3 adelante un nuevo operativo en la plaza de la [&hellip;]<\/p>\n","protected":false},"author":1,"featured_media":27572,"comment_status":"closed","ping_status":"closed","sticky":false,"template":"","format":"standard","meta":{"footnotes":""},"categories":[6],"tags":[],"class_list":{"0":"post-27571","1":"post","2":"type-post","3":"status-publish","4":"format-standard","5":"has-post-thumbnail","7":"category-chaco"},"_links":{"self":[{"href":"https:\/\/chacosintesis.com.ar\/index.php\/wp-json\/wp\/v2\/posts\/27571","targetHints":{"allow":["GET"]}}],"collection":[{"href":"https:\/\/chacosintesis.com.ar\/index.php\/wp-json\/wp\/v2\/posts"}],"about":[{"href":"https:\/\/chacosintesis.com.ar\/index.php\/wp-json\/wp\/v2\/types\/post"}],"author":[{"embeddable":true,"href":"https:\/\/chacosintesis.com.ar\/index.php\/wp-json\/wp\/v2\/users\/1"}],"replies":[{"embeddable":true,"href":"https:\/\/chacosintesis.com.ar\/index.php\/wp-json\/wp\/v2\/comments?post=27571"}],"version-history":[{"count":0,"href":"https:\/\/chacosintesis.com.ar\/index.php\/wp-json\/wp\/v2\/posts\/27571\/revisions"}],"wp:featuredmedia":[{"embeddable":true,"href":"https:\/\/chacosintesis.com.ar\/index.php\/wp-json\/wp\/v2\/media\/27572"}],"wp:attachment":[{"href":"https:\/\/chacosintesis.com.ar\/index.php\/wp-json\/wp\/v2\/media?parent=27571"}],"wp:term":[{"taxonomy":"category","embeddable":true,"href":"https:\/\/chacosintesis.com.ar\/index.php\/wp-json\/wp\/v2\/categories?post=27571"},{"taxonomy":"post_tag","embeddable":true,"href":"https:\/\/chacosintesis.com.ar\/index.php\/wp-json\/wp\/v2\/tags?post=27571"}],"curies":[{"name":"wp","href":"https:\/\/api.w.org\/{rel}","templated":true}]}}